{"id":1446,"date":"2018-12-12T20:30:40","date_gmt":"2018-12-12T19:30:40","guid":{"rendered":"http:\/\/www.cdlpv.org\/fitxes\/?p=1446"},"modified":"2018-12-11T21:52:58","modified_gmt":"2018-12-11T20:52:58","slug":"cdp-pronom-u","status":"publish","type":"post","link":"https:\/\/www.cdlpv.org\/fitxes\/cdp-pronom-u\/","title":{"rendered":"CDP: pronom indefinit <i>u\/un<\/i>"},"content":{"rendered":"<p>Quan el complement directe \u00e9s el pronom indefinit <em>u<\/em> (o <em>un<\/em>) i est\u00e0 duplicat pel pronom feble <em>el<\/em>, tamb\u00e9 \u00e9s introdu\u00eft per la preposici\u00f3 <em>a<\/em>.<\/p>\n<p>Exemples:<\/p>\n<ul>\n<li>Aix\u00f2 \u00e9s prou perqu\u00e8 el prenguin a un per lladre (<span class=\"versaleta\"><em>giec,<\/em><\/span> 19.3.2.1.<i>c<\/i>)<\/li>\n<\/ul>\n<p>No he localitzat este cas en el <span class=\"versaleta\"><em>mestil<\/em><\/span> ni en la <span class=\"versaleta\"><em>gnv.<\/em><\/span> Em sembla que es pot considerar compr\u00e9s en el cas del sintagma nominal referent d&#8217;un pronom feble, ara ja no de primera o segona persona del plural, sin\u00f3 de tercera del singular.<\/p>\n","protected":false},"excerpt":{"rendered":"<p>Quan el complement directe \u00e9s el pronom indefinit u (o un) i est\u00e0 duplicat pel pronom feble el, tamb\u00e9 \u00e9s introdu\u00eft per la preposici\u00f3 a. Exemples: Aix\u00f2 \u00e9s prou perqu\u00e8 el prenguin a un per lladre (giec, 19.3.2.1.c) No he localitzat este cas en el mestil ni en la gnv. Em sembla que es pot [&hellip;]<\/p>\n","protected":false},"author":1,"featured_media":0,"comment_status":"open","ping_status":"open","sticky":false,"template":"","format":"standard","meta":{"footnotes":""},"categories":[14],"tags":[95,86,87,48],"class_list":["post-1446","post","type-post","status-publish","format-standard","hentry","category-lletra-c","tag-complement-directe-preposicional","tag-giec","tag-gnv","tag-pronoms"],"post_mailing_queue_ids":[],"_links":{"self":[{"href":"https:\/\/www.cdlpv.org\/fitxes\/wp-json\/wp\/v2\/posts\/1446","targetHints":{"allow":["GET"]}}],"collection":[{"href":"https:\/\/www.cdlpv.org\/fitxes\/wp-json\/wp\/v2\/posts"}],"about":[{"href":"https:\/\/www.cdlpv.org\/fitxes\/wp-json\/wp\/v2\/types\/post"}],"author":[{"embeddable":true,"href":"https:\/\/www.cdlpv.org\/fitxes\/wp-json\/wp\/v2\/users\/1"}],"replies":[{"embeddable":true,"href":"https:\/\/www.cdlpv.org\/fitxes\/wp-json\/wp\/v2\/comments?post=1446"}],"version-history":[{"count":2,"href":"https:\/\/www.cdlpv.org\/fitxes\/wp-json\/wp\/v2\/posts\/1446\/revisions"}],"predecessor-version":[{"id":1449,"href":"https:\/\/www.cdlpv.org\/fitxes\/wp-json\/wp\/v2\/posts\/1446\/revisions\/1449"}],"wp:attachment":[{"href":"https:\/\/www.cdlpv.org\/fitxes\/wp-json\/wp\/v2\/media?parent=1446"}],"wp:term":[{"taxonomy":"category","embeddable":true,"href":"https:\/\/www.cdlpv.org\/fitxes\/wp-json\/wp\/v2\/categories?post=1446"},{"taxonomy":"post_tag","embeddable":true,"href":"https:\/\/www.cdlpv.org\/fitxes\/wp-json\/wp\/v2\/tags?post=1446"}],"curies":[{"name":"wp","href":"https:\/\/api.w.org\/{rel}","templated":true}]}}