{"id":1437,"date":"2018-12-08T20:30:30","date_gmt":"2018-12-08T19:30:30","guid":{"rendered":"http:\/\/www.cdlpv.org\/fitxes\/?p=1437"},"modified":"2018-12-08T14:16:55","modified_gmt":"2018-12-08T13:16:55","slug":"cdp-sn-referent-pronom-feble","status":"publish","type":"post","link":"https:\/\/www.cdlpv.org\/fitxes\/cdp-sn-referent-pronom-feble\/","title":{"rendered":"CDP: sintagma nominal referent d&#8217;un pronom feble"},"content":{"rendered":"<p>El complement directe \u00e9s introdu\u00eft per la preposici\u00f3 <em>a<\/em> quan apareix duplicat per un pronom personal feble de primera o segona persona del plural (<em>ens\/mos\/nos,<\/em> <em>us\/vos<\/em>).<\/p>\n<p>Exemples:<\/p>\n<ul>\n<li>Ens han vist als estudiants (<span class=\"versaleta\"><em>mestil,<\/em> xxi<\/span>.2.1.10)<\/li>\n<li>Us han vist a les professores (<span class=\"versaleta\"><em>mestil,<\/em> xxi<\/span>.2.1.10)<\/li>\n<li>Ens beneficia a tot el departament (<span class=\"versaleta\"><em>mestil,<\/em> xxi<\/span>.2.1.10)<\/li>\n<li>Ens estaven buscant als estudiants de batxillerat (<span class=\"versaleta\"><em>gnv<\/em><\/span>, 32.2.1.<em>a<\/em>)<\/li>\n<li>Aquesta q\u00fcesti\u00f3 ens ocupa d&#8217;una manera monogr\u00e0fica a la gent de l&#8217;oficina (<span class=\"versaleta\"><em>giec,<\/em><\/span> 19.3.2.1.<i>b<\/i>)<\/li>\n<li>\u00danicament us han convidat als que formeu part de la junta directiva (<span class=\"versaleta\"><em>giec,<\/em><\/span> 19.3.2.1.<i>b<\/i>)<\/li>\n<li>Ens han avisat a totes tres (<span class=\"versaleta\"><em>giec,<\/em><\/span> 19.3.2.1.<i>b<\/i>)<\/li>\n<li>Us han mencionat personalment a cada un (de vosaltres) (<span class=\"versaleta\"><em>giec,<\/em><\/span> 19.3.2.1.<i>b<\/i>)<\/li>\n<li>Sempre ens criden als mateixos (<span class=\"versaleta\"><em>giec,<\/em><\/span> 19.3.2.1.<i>b<\/i>)<\/li>\n<\/ul>\n","protected":false},"excerpt":{"rendered":"<p>El complement directe \u00e9s introdu\u00eft per la preposici\u00f3 a quan apareix duplicat per un pronom personal feble de primera o segona persona del plural (ens\/mos\/nos, us\/vos). Exemples: Ens han vist als estudiants (mestil, xxi.2.1.10) Us han vist a les professores (mestil, xxi.2.1.10) Ens beneficia a tot el departament (mestil, xxi.2.1.10) Ens estaven buscant als estudiants [&hellip;]<\/p>\n","protected":false},"author":1,"featured_media":0,"comment_status":"open","ping_status":"open","sticky":false,"template":"","format":"standard","meta":{"footnotes":""},"categories":[14],"tags":[95,86,87,48],"class_list":["post-1437","post","type-post","status-publish","format-standard","hentry","category-lletra-c","tag-complement-directe-preposicional","tag-giec","tag-gnv","tag-pronoms"],"post_mailing_queue_ids":[],"_links":{"self":[{"href":"https:\/\/www.cdlpv.org\/fitxes\/wp-json\/wp\/v2\/posts\/1437","targetHints":{"allow":["GET"]}}],"collection":[{"href":"https:\/\/www.cdlpv.org\/fitxes\/wp-json\/wp\/v2\/posts"}],"about":[{"href":"https:\/\/www.cdlpv.org\/fitxes\/wp-json\/wp\/v2\/types\/post"}],"author":[{"embeddable":true,"href":"https:\/\/www.cdlpv.org\/fitxes\/wp-json\/wp\/v2\/users\/1"}],"replies":[{"embeddable":true,"href":"https:\/\/www.cdlpv.org\/fitxes\/wp-json\/wp\/v2\/comments?post=1437"}],"version-history":[{"count":6,"href":"https:\/\/www.cdlpv.org\/fitxes\/wp-json\/wp\/v2\/posts\/1437\/revisions"}],"predecessor-version":[{"id":1977,"href":"https:\/\/www.cdlpv.org\/fitxes\/wp-json\/wp\/v2\/posts\/1437\/revisions\/1977"}],"wp:attachment":[{"href":"https:\/\/www.cdlpv.org\/fitxes\/wp-json\/wp\/v2\/media?parent=1437"}],"wp:term":[{"taxonomy":"category","embeddable":true,"href":"https:\/\/www.cdlpv.org\/fitxes\/wp-json\/wp\/v2\/categories?post=1437"},{"taxonomy":"post_tag","embeddable":true,"href":"https:\/\/www.cdlpv.org\/fitxes\/wp-json\/wp\/v2\/tags?post=1437"}],"curies":[{"name":"wp","href":"https:\/\/api.w.org\/{rel}","templated":true}]}}