{"id":1426,"date":"2018-11-27T21:30:16","date_gmt":"2018-11-27T20:30:16","guid":{"rendered":"http:\/\/www.cdlpv.org\/fitxes\/?p=1426"},"modified":"2018-11-27T20:51:34","modified_gmt":"2018-11-27T19:51:34","slug":"cdp-pronoms-personals-tonics","status":"publish","type":"post","link":"https:\/\/www.cdlpv.org\/fitxes\/cdp-pronoms-personals-tonics\/","title":{"rendered":"CDP: pronoms personals t\u00f2nics"},"content":{"rendered":"<p>El <em><span class=\"versaleta\">mestil<\/span><\/em> (<span class=\"versaleta\">xxi<\/span>.2.1.) assenyalava que el complement directe s&#8217;introdu\u00efx \u00aben general\u00bb sense preposici\u00f3. Contra eixa norma gen\u00e8rica tenim una excepci\u00f3 antiga: quan el <span class=\"versaleta\">cd<\/span> designa un \u00e9sser hum\u00e0. En eixe context, quan el <span class=\"versaleta\">cd<\/span> \u00e9s un pronom personal t\u00f2nic (tamb\u00e9 denominat \u00abfort\u00bb) tenim els exemples seg\u00fcents:<\/p>\n<p>Exemples amb duplicaci\u00f3 pronominal:<\/p>\n<ul>\n<li>No deixava de mirar-se a si mateix en l&#8217;espill (<span class=\"versaleta\"><em>giec<\/em><\/span>, 19.3.2.1.a)<\/li>\n<li>Ens a vist a tu i a mi (<em><span class=\"versaleta\">mestil<\/span><\/em>, <span class=\"versaleta\">xxi<\/span>.2.1.1)<\/li>\n<li>T&#8217;ha nomenat a tu (<span class=\"versaleta\"><em>gnv<\/em><\/span>, <em>32.2.1.a)<\/em><\/li>\n<li>Ens estava buscant a nosaltres (<span class=\"versaleta\"><em>gnv<\/em><\/span>, 32.2.1.<em>a<\/em>)<\/li>\n<\/ul>\n<p>Exemples amb verb elidit i, per tant, sense duplicaci\u00f3 pronominal:<\/p>\n<ul>\n<li>Em volen invitar a mi, per\u00f2 tamb\u00e9 a tu (<span class=\"versaleta\"><em>giec<\/em><\/span>, 19.3.2.1.a)<\/li>\n<li>Si aix\u00f2 no us molesta a vosaltres, a nosaltres s\u00ed (<span class=\"versaleta\"><em>giec<\/em><\/span>, 19.3.2.1.a)<\/li>\n<li>Mira&#8217;ls a ells, no a mi (<span class=\"versaleta\"><em>gnv<\/em><\/span>, 32.2.1.<em>a<\/em>)<\/li>\n<\/ul>\n<p>Quant a la duplicaci\u00f3 dels pronoms, podem observar, tal com indica la <em><span class=\"versaleta\">giec<\/span><\/em>, que els pronoms forts apareixen duplicats, llevat dels casos en qu\u00e8 el verb s&#8217;elidix. A m\u00e9s a m\u00e9s, la <em><span class=\"versaleta\">giec<\/span><\/em> assenyala un context en qu\u00e8 pot evitar-se la duplicaci\u00f3: quan focalitzem el pronom amb un adverbi del tipus <em>nom\u00e9s, incl\u00fas<\/em> o <em>fins i tot <\/em>o amb una entonaci\u00f3 emf\u00e0tica. Exemple de la <em><span class=\"versaleta\">giec<\/span><\/em>: \u00abNom\u00e9s a ella escolta (i a ning\u00fa m\u00e9s)\u00bb.<\/p>\n","protected":false},"excerpt":{"rendered":"<p>El mestil (xxi.2.1.) assenyalava que el complement directe s&#8217;introdu\u00efx \u00aben general\u00bb sense preposici\u00f3. Contra eixa norma gen\u00e8rica tenim una excepci\u00f3 antiga: quan el cd designa un \u00e9sser hum\u00e0. En eixe context, quan el cd \u00e9s un pronom personal t\u00f2nic (tamb\u00e9 denominat \u00abfort\u00bb) tenim els exemples seg\u00fcents: Exemples amb duplicaci\u00f3 pronominal: No deixava de mirar-se a [&hellip;]<\/p>\n","protected":false},"author":1,"featured_media":0,"comment_status":"open","ping_status":"open","sticky":false,"template":"","format":"standard","meta":{"footnotes":""},"categories":[14],"tags":[95,86,87,48],"class_list":["post-1426","post","type-post","status-publish","format-standard","hentry","category-lletra-c","tag-complement-directe-preposicional","tag-giec","tag-gnv","tag-pronoms"],"post_mailing_queue_ids":[],"_links":{"self":[{"href":"https:\/\/www.cdlpv.org\/fitxes\/wp-json\/wp\/v2\/posts\/1426","targetHints":{"allow":["GET"]}}],"collection":[{"href":"https:\/\/www.cdlpv.org\/fitxes\/wp-json\/wp\/v2\/posts"}],"about":[{"href":"https:\/\/www.cdlpv.org\/fitxes\/wp-json\/wp\/v2\/types\/post"}],"author":[{"embeddable":true,"href":"https:\/\/www.cdlpv.org\/fitxes\/wp-json\/wp\/v2\/users\/1"}],"replies":[{"embeddable":true,"href":"https:\/\/www.cdlpv.org\/fitxes\/wp-json\/wp\/v2\/comments?post=1426"}],"version-history":[{"count":7,"href":"https:\/\/www.cdlpv.org\/fitxes\/wp-json\/wp\/v2\/posts\/1426\/revisions"}],"predecessor-version":[{"id":1439,"href":"https:\/\/www.cdlpv.org\/fitxes\/wp-json\/wp\/v2\/posts\/1426\/revisions\/1439"}],"wp:attachment":[{"href":"https:\/\/www.cdlpv.org\/fitxes\/wp-json\/wp\/v2\/media?parent=1426"}],"wp:term":[{"taxonomy":"category","embeddable":true,"href":"https:\/\/www.cdlpv.org\/fitxes\/wp-json\/wp\/v2\/categories?post=1426"},{"taxonomy":"post_tag","embeddable":true,"href":"https:\/\/www.cdlpv.org\/fitxes\/wp-json\/wp\/v2\/tags?post=1426"}],"curies":[{"name":"wp","href":"https:\/\/api.w.org\/{rel}","templated":true}]}}