{"id":1415,"date":"2018-01-02T20:30:16","date_gmt":"2018-01-02T18:30:16","guid":{"rendered":"http:\/\/www.cdlpv.org\/fitxes\/?p=1415"},"modified":"2018-01-02T14:41:14","modified_gmt":"2018-01-02T12:41:14","slug":"tenor","status":"publish","type":"post","link":"https:\/\/www.cdlpv.org\/fitxes\/tenor\/","title":{"rendered":"tenor"},"content":{"rendered":"<ol>\n<li>El company Francesc X. Llorca ens fa saber que ha publicat l&#8217;article \u00abDe <em>tann\u00fbr<\/em> a <em>tenor<\/em>. La hist\u00f2ria d&#8217;un arabisme valenci\u00e0\u00bb (<em>Randa<\/em>, 57, p\u00e0g. 213-224). En s\u00edntesi (copiem un tros de la conclusi\u00f3):<br \/>\n<blockquote><p>L&#8217;arribada de la cultura isl\u00e0mica a terres de la pen\u00ednsula Ib\u00e8rica al segle <span class=\"versaleta\">viii<\/span> ens aport\u00e0 un seguit d&#8217;elements culturals i materials que han deixat un llegat important en la nostra manera de ser i de parlar. Entre aquests elements hi ha una mena de fornets que es feien servir per a coure el pa a casa, el quals rebien la denominaci\u00f3 \u00e0rab de <em>tann\u00fbr<\/em>. Les refer\u00e8ncies ling\u00fc\u00edstiques de <em>tann\u00fbr<\/em> que es troben a <a href=\"http:\/\/www.einesdellengua.com\/Fitxes\/Textos\/A\/al-Andalus.htm\" target=\"_blank\" rel=\"noopener\">al-Andalus<\/a> son del segle <span class=\"versaleta\"> xi<\/span> i, una vegada adaptat el terme a la llengua catalana en la forma <em>tenor<\/em>, arriben fins al segle <span class=\"versaleta\">xvii<\/span>. A partir del segle <span class=\"versaleta\">xvii<\/span>, els forns andalusins deixen d&#8217;usar-se i els mots <em>tenor, tenoret<\/em> i <em>tenoreta<\/em> passen a designar la intensitat cal\u00f2rica que despr\u00e9n el caliu de les llars. Aquestes designacions apleguen fins al segle <span class=\"versaleta\">xxi<\/span> especialment en les persones que han viscut en contextos on la utilitzaci\u00f3 de la llenya per a caldejar la llar s&#8217;ha mantingut. Aix\u00ed doncs, la conclusi\u00f3 final \u00e9s que <em>tenor<\/em> \u00e9s un mot hist\u00f2ric del valenci\u00e0 i de la llengua catalana i que, per tant, ha d&#8217;estar a bon dret en tots els nostres diccionaris amb una entrada del tipus:<\/p>\n<ul>\n<li><strong>tenor<\/strong><br \/>\n(de l&#8217;\u00e0rab <em>tann\u00fbr<\/em> relacionat amb l&#8217;arrel ac\u00e0dia <em>tinuru<\/em>) <strong>1.<\/strong> Forn de pa isl\u00e0mic de for\u00e7a calor\u00edfica moderada. \u00c9s de forma troncoc\u00f2nica o cil\u00edndrica amb boca i ull \u2014d&#8217;entre 10 a 100 cm d&#8217;al\u00e7\u00e0ria per 50 o 60 cm de di\u00e0metre\u2014 que pot anar constru\u00eft damunt terra o soterrat. <strong>2.<\/strong> Escalfor t\u00e8nue i agradosa com la que fa un foc moderat o la brasilada.<\/li>\n<li><strong>tenoreta<\/strong><br \/>\nEscalfor t\u00e8nue i agradosa com la que fa un foc moderat o la brasilada.<\/li>\n<\/ul>\n<\/blockquote>\n<p>Quant a la distribuci\u00f3 geogr\u00e0fica, el mot \u00e9s conegut de l&#8217;Alacant\u00ed fins a la Plana Alta.<\/li>\n<\/ol>\n","protected":false},"excerpt":{"rendered":"<p>El company Francesc X. Llorca ens fa saber que ha publicat l&#8217;article \u00abDe tann\u00fbr a tenor. La hist\u00f2ria d&#8217;un arabisme valenci\u00e0\u00bb (Randa, 57, p\u00e0g. 213-224). En s\u00edntesi (copiem un tros de la conclusi\u00f3): L&#8217;arribada de la cultura isl\u00e0mica a terres de la pen\u00ednsula Ib\u00e8rica al segle viii ens aport\u00e0 un seguit d&#8217;elements culturals i materials [&hellip;]<\/p>\n","protected":false},"author":1,"featured_media":0,"comment_status":"open","ping_status":"open","sticky":false,"template":"","format":"standard","meta":{"footnotes":""},"categories":[39],"tags":[37,17,53],"class_list":["post-1415","post","type-post","status-publish","format-standard","hentry","category-lletra-t","tag-arab","tag-lexic","tag-revisions"],"post_mailing_queue_ids":[],"_links":{"self":[{"href":"https:\/\/www.cdlpv.org\/fitxes\/wp-json\/wp\/v2\/posts\/1415","targetHints":{"allow":["GET"]}}],"collection":[{"href":"https:\/\/www.cdlpv.org\/fitxes\/wp-json\/wp\/v2\/posts"}],"about":[{"href":"https:\/\/www.cdlpv.org\/fitxes\/wp-json\/wp\/v2\/types\/post"}],"author":[{"embeddable":true,"href":"https:\/\/www.cdlpv.org\/fitxes\/wp-json\/wp\/v2\/users\/1"}],"replies":[{"embeddable":true,"href":"https:\/\/www.cdlpv.org\/fitxes\/wp-json\/wp\/v2\/comments?post=1415"}],"version-history":[{"count":1,"href":"https:\/\/www.cdlpv.org\/fitxes\/wp-json\/wp\/v2\/posts\/1415\/revisions"}],"predecessor-version":[{"id":1416,"href":"https:\/\/www.cdlpv.org\/fitxes\/wp-json\/wp\/v2\/posts\/1415\/revisions\/1416"}],"wp:attachment":[{"href":"https:\/\/www.cdlpv.org\/fitxes\/wp-json\/wp\/v2\/media?parent=1415"}],"wp:term":[{"taxonomy":"category","embeddable":true,"href":"https:\/\/www.cdlpv.org\/fitxes\/wp-json\/wp\/v2\/categories?post=1415"},{"taxonomy":"post_tag","embeddable":true,"href":"https:\/\/www.cdlpv.org\/fitxes\/wp-json\/wp\/v2\/tags?post=1415"}],"curies":[{"name":"wp","href":"https:\/\/api.w.org\/{rel}","templated":true}]}}