{"id":1412,"date":"2018-01-02T20:30:38","date_gmt":"2018-01-02T18:30:38","guid":{"rendered":"http:\/\/www.cdlpv.org\/fitxes\/?p=1412"},"modified":"2019-10-23T12:38:01","modified_gmt":"2019-10-23T10:38:01","slug":"tendur","status":"publish","type":"post","link":"https:\/\/www.cdlpv.org\/fitxes\/tendur\/","title":{"rendered":"tendur"},"content":{"rendered":"<ol>\n<li>Segons la definici\u00f3 del <span class=\"versaleta\"><em>gdlc<\/em><\/span> (consulta: <a href=\"http:\/\/www.diccionari.cat\/lexicx.jsp?GECART=0157868\" target=\"_blank\" rel=\"noopener noreferrer\">02.01.2018<\/a>):<br \/>\n<blockquote><p><em>m<\/em> Taula tapada de roba sota la qual es posa el braser.<\/p><\/blockquote>\n<p>Cal dir que hi ha una altra opci\u00f3 habitual alternativa (consulta: Google Llibres, <a href=\"https:\/\/www.google.es\/search?q=%22taula+braser%22&amp;client=ubuntu&amp;hs=hhO&amp;channel=fs&amp;dcr=0&amp;source=lnms&amp;tbm=bks&amp;sa=X&amp;ved=0ahUKEwjiz9CFqLnYAhVExxQKHdCTBmkQ_AUIDygA&amp;biw=1375&amp;bih=776\" target=\"_blank\" rel=\"noopener noreferrer\">02.01.2018<\/a>) per a denominar este moble: taula braser. De moment, esta opci\u00f3 no apareix en els diccionaris (l&#8217;hem proposada per al <span class=\"versaleta\"><em>dnv<\/em><\/span>).<\/p>\n<p>El diccionari no indica l&#8217;etimologia de <em>tendur.<\/em> Segons Emili Casanova en \u00abEl l\u00e8xic de la Decad\u00e8ncia en els estudis etimol\u00f2gics: el cas del <span class=\"versaleta\"><em>decat<\/em><\/span> de Joan Coromines\u00bb (dins d&#8217;<em>Actes del Dotz\u00e8 Col\u00b7loqui Internacional de Llengua i Literatura Catalanes<\/em>, volum <span class=\"versaleta\">iii<\/span>, 2003):<\/p>\n<blockquote><p>M\u00e9s que de l&#8217;\u00e0rab <em>t\u00e4nnur<\/em>, provinent del turc <em>tend\u00eer<\/em> &#8216;braser encaixat sota la taula rodona, al voltant de la qual s&#8217;asseu la fam\u00edlia, durant l&#8217;hivern per escalfar-se&#8217;, crec que el mot s&#8217;ha de relacionar amb el verb <em>tendre<\/em>, com diu Coromines, o amb <em>tenda<\/em>.<\/p><\/blockquote>\n<p>Certament, la proposta d&#8217;Emili Casanova sembla ben agosarada, donada la semblan\u00e7a entre els referents turc o persa (<a href=\"http:\/\/books.google.com\/books?id=He8tAAAAYAAJ&amp;pg=PA23&amp;dq=tendur+%C3%A0rab&amp;lr=&amp;ei=CPP9SYnjII3WzASH_siLDA&amp;hl=ca\" target=\"_blank\" rel=\"noopener noreferrer\">veg.<\/a> <em>A Hebrew and English lexicon of the Old Testament<\/em>, 1824; o <a href=\"http:\/\/books.google.com\/books?id=ybQVAAAAYAAJ&amp;pg=PA69&amp;dq=tendur+%C3%A0rab&amp;lr=&amp;ei=CPP9SYnjII3WzASH_siLDA&amp;hl=ca#PPA69,M1\" target=\"_blank\" rel=\"noopener noreferrer\">tamb\u00e9<\/a> <em>Gvilielmi Gesenii &#8230; Thesavrvs Philologicvs Criticvs Lingvae Hebraeae Et Chaldaeae Veteris Testamenti<\/em>, 1835) i el valenci\u00e0. D&#8217;altra banda, no diu per qu\u00e8 li sembla que cal revisar l&#8217;opci\u00f3 de l&#8217;\u00e0rab. Segurament l&#8217;haur\u00edem de relacionar amb <em>tenor<\/em> (<a href=\"http:\/\/www.cdlpv.org\/fitxes\/tenor\/\" target=\"_blank\" rel=\"noopener noreferrer\">veg.<\/a> la informaci\u00f3 de Llorca Ibi per a <em>tenor<\/em>).<\/p>\n<p>Amb tot, en el cas de <em>tendur<\/em>, la publicaci\u00f3 <em>Estudios de Dialectolog\u00eda Norteafricana y Andalus\u00ed <span class=\"versaleta\">(edna)<\/span><\/em> (1998) comenta el <a href=\"http:\/\/books.google.com\/books?id=GkJdAAAAMAAJ&amp;q=tendur+arabic&amp;dq=tendur+arabic&amp;lr=&amp;ei=X_n9SefVDJ3AzASGsPGHBw&amp;hl=ca&amp;pgis=1\" target=\"_blank\" rel=\"noopener noreferrer\">seg\u00fcent<\/a>:<\/p>\n<blockquote><p><b>tendur<\/b> &#8216;mesa de camilla&#8217; (val. documentado s\u00f3lo en el s. <span class=\"versaleta\">xx<\/span>): no puede obviamente derivar directamente del \u00e1r. <em>tann\u016br<\/em> &#8216;horno&#8217; (de donde el cs. <em>atanor<\/em>). Prob. ha sido introducido por la emigraci\u00f3n levantina a Argelia o al Sur de Francia, desde el fr. (cf. ingl\u00e9s <em>ta\/endour, tandoor<\/em>), tomado del tr. <em>tandor,<\/em> del neop. <em>tondur,<\/em> que podr\u00eda responder a una dsimilaci\u00f3n del aram. <em>tann\u016br\u0101,<\/em> fuente del \u00e1r. y del dialectalismo [&#8230;]<\/blockquote>\n<p>En el sentit que comenta este article, no he aconseguit tampoc documentar <em>tenor<\/em> &#8216;calentor&#8217; abans del segle <span class=\"versaleta\">xx<\/span> (no tinc a m\u00e0 ara, maig del 2009, l&#8217;article de Llorca Ibi), terme que sembla que ha d&#8217;estar molt relacionat amb <em>tendur<\/em>.<\/li>\n<\/ol>\n","protected":false},"excerpt":{"rendered":"<p>Segons la definici\u00f3 del gdlc (consulta: 02.01.2018): m Taula tapada de roba sota la qual es posa el braser. Cal dir que hi ha una altra opci\u00f3 habitual alternativa (consulta: Google Llibres, 02.01.2018) per a denominar este moble: taula braser. De moment, esta opci\u00f3 no apareix en els diccionaris (l&#8217;hem proposada per al dnv). El [&hellip;]<\/p>\n","protected":false},"author":1,"featured_media":0,"comment_status":"open","ping_status":"open","sticky":false,"template":"","format":"standard","meta":{"footnotes":""},"categories":[39],"tags":[37,17,53],"class_list":["post-1412","post","type-post","status-publish","format-standard","hentry","category-lletra-t","tag-arab","tag-lexic","tag-revisions"],"post_mailing_queue_ids":[],"_links":{"self":[{"href":"https:\/\/www.cdlpv.org\/fitxes\/wp-json\/wp\/v2\/posts\/1412","targetHints":{"allow":["GET"]}}],"collection":[{"href":"https:\/\/www.cdlpv.org\/fitxes\/wp-json\/wp\/v2\/posts"}],"about":[{"href":"https:\/\/www.cdlpv.org\/fitxes\/wp-json\/wp\/v2\/types\/post"}],"author":[{"embeddable":true,"href":"https:\/\/www.cdlpv.org\/fitxes\/wp-json\/wp\/v2\/users\/1"}],"replies":[{"embeddable":true,"href":"https:\/\/www.cdlpv.org\/fitxes\/wp-json\/wp\/v2\/comments?post=1412"}],"version-history":[{"count":6,"href":"https:\/\/www.cdlpv.org\/fitxes\/wp-json\/wp\/v2\/posts\/1412\/revisions"}],"predecessor-version":[{"id":2670,"href":"https:\/\/www.cdlpv.org\/fitxes\/wp-json\/wp\/v2\/posts\/1412\/revisions\/2670"}],"wp:attachment":[{"href":"https:\/\/www.cdlpv.org\/fitxes\/wp-json\/wp\/v2\/media?parent=1412"}],"wp:term":[{"taxonomy":"category","embeddable":true,"href":"https:\/\/www.cdlpv.org\/fitxes\/wp-json\/wp\/v2\/categories?post=1412"},{"taxonomy":"post_tag","embeddable":true,"href":"https:\/\/www.cdlpv.org\/fitxes\/wp-json\/wp\/v2\/tags?post=1412"}],"curies":[{"name":"wp","href":"https:\/\/api.w.org\/{rel}","templated":true}]}}