{"id":1399,"date":"2017-12-27T20:30:18","date_gmt":"2017-12-27T18:30:18","guid":{"rendered":"http:\/\/www.cdlpv.org\/fitxes\/?p=1399"},"modified":"2017-12-27T14:56:00","modified_gmt":"2017-12-27T12:56:00","slug":"festiu-dobertura-lliure","status":"publish","type":"post","link":"https:\/\/www.cdlpv.org\/fitxes\/festiu-dobertura-lliure\/","title":{"rendered":"festiu d&#8217;obertura lliure"},"content":{"rendered":"<p>El Cercaterm (22.12.2017) rebutja la creaci\u00f3 dels termes <em>aperturable<\/em> i <em>oberturable<\/em>:<\/p>\n<blockquote><p>No considerem adequades les formes <em>oberturable <\/em>i <em>aperturable <\/em>perqu\u00e8 no existeixen els verbs a partir dels quals es formarien, <em>oberturar <\/em>i <em>aperturar<\/em>.<\/p>\n<p>Les formes ja en \u00fas en contextos similars al que ens indiqueu s\u00f3n <em>festiu de lliure obertura<\/em> o <em>festiu d\u2019obertura lliure<\/em>.<\/p><\/blockquote>\n<p>Es veu que l&#8217;accepci\u00f3 corresponent (&#8216;que pot ser obert&#8217;) de l&#8217;adjectiu <em>obridor -ra<\/em>\u00a0no ha estat presa en consideraci\u00f3 (ni t\u00e9 \u00fas en este \u00e0mbit).<\/p>\n<p>En castell\u00e0 s&#8217;est\u00e0 estenent el neologisme <em>aperturable <\/em>i, de moment, no hem localitzat cap\u00a0refer\u00e8ncia normativa\u00a0sobre la q\u00fcesti\u00f3.<\/p>\n","protected":false},"excerpt":{"rendered":"<p>El Cercaterm (22.12.2017) rebutja la creaci\u00f3 dels termes aperturable i oberturable: No considerem adequades les formes oberturable i aperturable perqu\u00e8 no existeixen els verbs a partir dels quals es formarien, oberturar i aperturar. Les formes ja en \u00fas en contextos similars al que ens indiqueu s\u00f3n festiu de lliure obertura o festiu d\u2019obertura lliure. Es [&hellip;]<\/p>\n","protected":false},"author":1,"featured_media":0,"comment_status":"open","ping_status":"open","sticky":false,"template":"","format":"standard","meta":{"footnotes":""},"categories":[24],"tags":[92,13,47],"class_list":["post-1399","post","type-post","status-publish","format-standard","hentry","category-lletra-f","tag-economia","tag-neologia","tag-termcat"],"post_mailing_queue_ids":[],"_links":{"self":[{"href":"https:\/\/www.cdlpv.org\/fitxes\/wp-json\/wp\/v2\/posts\/1399","targetHints":{"allow":["GET"]}}],"collection":[{"href":"https:\/\/www.cdlpv.org\/fitxes\/wp-json\/wp\/v2\/posts"}],"about":[{"href":"https:\/\/www.cdlpv.org\/fitxes\/wp-json\/wp\/v2\/types\/post"}],"author":[{"embeddable":true,"href":"https:\/\/www.cdlpv.org\/fitxes\/wp-json\/wp\/v2\/users\/1"}],"replies":[{"embeddable":true,"href":"https:\/\/www.cdlpv.org\/fitxes\/wp-json\/wp\/v2\/comments?post=1399"}],"version-history":[{"count":2,"href":"https:\/\/www.cdlpv.org\/fitxes\/wp-json\/wp\/v2\/posts\/1399\/revisions"}],"predecessor-version":[{"id":1405,"href":"https:\/\/www.cdlpv.org\/fitxes\/wp-json\/wp\/v2\/posts\/1399\/revisions\/1405"}],"wp:attachment":[{"href":"https:\/\/www.cdlpv.org\/fitxes\/wp-json\/wp\/v2\/media?parent=1399"}],"wp:term":[{"taxonomy":"category","embeddable":true,"href":"https:\/\/www.cdlpv.org\/fitxes\/wp-json\/wp\/v2\/categories?post=1399"},{"taxonomy":"post_tag","embeddable":true,"href":"https:\/\/www.cdlpv.org\/fitxes\/wp-json\/wp\/v2\/tags?post=1399"}],"curies":[{"name":"wp","href":"https:\/\/api.w.org\/{rel}","templated":true}]}}