{"id":1393,"date":"2017-12-20T20:30:20","date_gmt":"2017-12-20T18:30:20","guid":{"rendered":"http:\/\/www.cdlpv.org\/fitxes\/?p=1393"},"modified":"2023-03-03T20:19:00","modified_gmt":"2023-03-03T19:19:00","slug":"dentre","status":"publish","type":"post","link":"https:\/\/www.cdlpv.org\/fitxes\/dentre\/","title":{"rendered":"d&#8217;entre"},"content":{"rendered":"<p>La nova gram\u00e0tica de l&#8217;<span class=\"versaleta\">iec<\/span> (19.7.<em>b<\/em>) indica que \u00abnormalment es pot evitar la seq\u00fc\u00e8ncia de les preposicions\u00bb que componen la locuci\u00f3 prepositiva <em>d&#8217;entre<\/em>. Demostra eixa opci\u00f3 amb els exemples seg\u00fcents:<\/p>\n<blockquote>\n<ul>\n<li><em>Les bicicletes passaven per entre les motos<\/em> (o <em>entre les motos<\/em>)<\/li>\n<li><em>Quedarem un dia d&#8217;entre setmana<\/em> (o, millor, <em>un dia entre setmana<\/em>)<\/li>\n<li><em>Ho va agafar d&#8217;entre les pedres<\/em> (i, amb un mat\u00eds lleument diferent, <em>entre les pedres<\/em>)<\/li>\n<li><em>El president d&#8217;aquella reuni\u00f3 d&#8217;entre vint i trenta persones va delimitar la problem\u00e0tica<\/em> (o <em>de vint a trenta persones<\/em>)<\/li>\n<\/ul>\n<\/blockquote>\n<p>A m\u00e9s, es pot fer \u00fas tamb\u00e9 de la recomanaci\u00f3 del Departament d&#8217;Assessorament Ling\u00fc\u00edstic del Parlament de Catalunya (consulta: <a href=\"https:\/\/www.parlament.cat\/document\/intrade\/6412\" target=\"_blank\" rel=\"noopener\">20.12.2017<\/a>):<\/p>\n<blockquote><p>En llenguatge normatiu, tamb\u00e9 s&#8217;ha d&#8217;emprar la locuci\u00f3 prepositiva <em>d&#8217;entre<\/em> amb els verbs <em>designar, elegir, nomenar<\/em> i <em>proposar<\/em> per a fer refer\u00e8ncia a la provisi\u00f3 d&#8217;un c\u00e0rrec a partir d&#8217;un determinat contingent de persones. No \u00e9s recomanable usar la preposici\u00f3 simple <em>entre<\/em> en aquests casos, perqu\u00e8 es podria entendre que t\u00e9 valor locatiu.<\/p>\n<blockquote><p>~ <em>El Ple del Consell \u00e9s integrat per onze membres, nomenats pel Parlament entre persones de prestigi reconegut en l&#8217;\u00e0mbit cultural<\/em><br \/>\n\u221a<em>El Ple del Consell \u00e9s integrat per onze membres, nomenats pel Parlament d&#8217;entre persones de prestigi reconegut en l&#8217;\u00e0mbit cultural<\/em><\/p><\/blockquote>\n<\/blockquote>\n<p>Sobre esta q\u00fcesti\u00f3, la gram\u00e0tica de l&#8217;<span class=\"versaleta\">avl<\/span> (26.7) d\u00f3na la indicaci\u00f3 seg\u00fcent:<\/p>\n<blockquote><p><em>a<\/em>) Amb un valor espacial, \u00e9s possible combinar una preposici\u00f3 amb valor de moviment (<em>per <\/em>i <em>de<\/em>) amb una preposici\u00f3 est\u00e0tica com <em>entre<\/em>: <em>Busca per entre els llibres<\/em>; <em>Va eixir d\u2019entre la boira.<\/em><\/p><\/blockquote>\n","protected":false},"excerpt":{"rendered":"<p>La nova gram\u00e0tica de l&#8217;iec (19.7.b) indica que \u00abnormalment es pot evitar la seq\u00fc\u00e8ncia de les preposicions\u00bb que componen la locuci\u00f3 prepositiva d&#8217;entre. Demostra eixa opci\u00f3 amb els exemples seg\u00fcents: Les bicicletes passaven per entre les motos (o entre les motos) Quedarem un dia d&#8217;entre setmana (o, millor, un dia entre setmana) Ho va agafar [&hellip;]<\/p>\n","protected":false},"author":1,"featured_media":0,"comment_status":"open","ping_status":"open","sticky":false,"template":"","format":"standard","meta":{"footnotes":""},"categories":[35],"tags":[86,66,12],"class_list":["post-1393","post","type-post","status-publish","format-standard","hentry","category-lletra-d","tag-giec","tag-locucions","tag-normativa"],"post_mailing_queue_ids":[],"_links":{"self":[{"href":"https:\/\/www.cdlpv.org\/fitxes\/wp-json\/wp\/v2\/posts\/1393","targetHints":{"allow":["GET"]}}],"collection":[{"href":"https:\/\/www.cdlpv.org\/fitxes\/wp-json\/wp\/v2\/posts"}],"about":[{"href":"https:\/\/www.cdlpv.org\/fitxes\/wp-json\/wp\/v2\/types\/post"}],"author":[{"embeddable":true,"href":"https:\/\/www.cdlpv.org\/fitxes\/wp-json\/wp\/v2\/users\/1"}],"replies":[{"embeddable":true,"href":"https:\/\/www.cdlpv.org\/fitxes\/wp-json\/wp\/v2\/comments?post=1393"}],"version-history":[{"count":5,"href":"https:\/\/www.cdlpv.org\/fitxes\/wp-json\/wp\/v2\/posts\/1393\/revisions"}],"predecessor-version":[{"id":5406,"href":"https:\/\/www.cdlpv.org\/fitxes\/wp-json\/wp\/v2\/posts\/1393\/revisions\/5406"}],"wp:attachment":[{"href":"https:\/\/www.cdlpv.org\/fitxes\/wp-json\/wp\/v2\/media?parent=1393"}],"wp:term":[{"taxonomy":"category","embeddable":true,"href":"https:\/\/www.cdlpv.org\/fitxes\/wp-json\/wp\/v2\/categories?post=1393"},{"taxonomy":"post_tag","embeddable":true,"href":"https:\/\/www.cdlpv.org\/fitxes\/wp-json\/wp\/v2\/tags?post=1393"}],"curies":[{"name":"wp","href":"https:\/\/api.w.org\/{rel}","templated":true}]}}