{"id":1384,"date":"2017-11-29T20:30:31","date_gmt":"2017-11-29T18:30:31","guid":{"rendered":"http:\/\/www.cdlpv.org\/fitxes\/?p=1384"},"modified":"2017-11-29T19:20:43","modified_gmt":"2017-11-29T17:20:43","slug":"tabaquic-ca","status":"publish","type":"post","link":"https:\/\/www.cdlpv.org\/fitxes\/tabaquic-ca\/","title":{"rendered":"tab\u00e0quic -ca"},"content":{"rendered":"<ol>\n<li>Segons comenta alg\u00fa en la llista Z\u00e8fir (24.07.2002), el Termcat considerava que este adjectiu (que deriva de <em>tabaquisme<\/em>) s&#8217;acceptava sempre que apareguera en textos cient\u00edfics (medicina). El Cercaterm (consulta: <a href=\"http:\/\/www.termcat.cat\/ca\/Cercaterm\/\" target=\"_blank\" rel=\"noopener\">29.11.2017<\/a>) recull els termes\u00a0<em>h\u00e0bit tab\u00e0quic<\/em> i l&#8217;<em>melanod\u00f2ncia tab\u00e0quica<\/em>, aix\u00ed que est\u00e0 acceptant l&#8217;adjectiu amb l&#8217;\u00fas.<\/li>\n<li>Els diccionaris habituals encara no l&#8217;arrepleguen, s\u00ed que apareix en el <em>Diccionari descriptiu de la llengua catalana<\/em> de l&#8217;IEC (consulta: <a href=\"http:\/\/dcc.iec.cat\/ddlci\/scripts\/index1.asp\" target=\"_blank\" rel=\"noopener\">29.11.2017<\/a>):<br \/>\n<blockquote>\n<div class=\"par\">\u2022 <b>tab\u00e0quic<\/b> <i>adj.<\/i> (<span class=\"sz8\"><b>tab\u00e0quica<\/b> <i>tab\u00e0quics<\/i> <i>tab\u00e0quiques<\/i><\/span>) <img decoding=\"async\" src=\"http:\/\/dcc.iec.cat\/ddlci\/img\/freq5.gif\" \/><\/div>\n<div class=\"par\"><b>1<\/b>.\u00a0[N<sub><span style=\"font-size: small;\">1<\/span><\/sub> (<i>\u00e9s<\/i>) <b>ADJ<\/b><sub><span style=\"font-size: small;\">no grad<\/span><\/sub>] <span class=\"restriccio\">(N<sub><span style=\"font-size: small;\">1<\/span><\/sub>[malaltia, afecci\u00f3])<\/span> [Malaltia, afecci\u00f3]<sub><span style=\"font-size: small;\">1<\/span><\/sub> causada pels efectes nocius del tabac. <i>[&#8230;] toth\u00f2m s&#8217; ha de morir igual, contest\u00e8u que s\u00f3n molts los qui &#8216;s cr\u00e9uen sans y s&#8217;han de purgar sovint o tenen un r\u00e9uma o una afecci\u00f3 de c\u00f2r o una bronquitis tab\u00e1quica o se&#8217;ls van destruint lentament les art\u00e8ries [&#8230;].<\/i> [Falp (1908): 61, p. 7].<\/div>\n<\/blockquote>\n<\/li>\n<\/ol>\n","protected":false},"excerpt":{"rendered":"<p>Segons comenta alg\u00fa en la llista Z\u00e8fir (24.07.2002), el Termcat considerava que este adjectiu (que deriva de tabaquisme) s&#8217;acceptava sempre que apareguera en textos cient\u00edfics (medicina). El Cercaterm (consulta: 29.11.2017) recull els termes\u00a0h\u00e0bit tab\u00e0quic i l&#8217;melanod\u00f2ncia tab\u00e0quica, aix\u00ed que est\u00e0 acceptant l&#8217;adjectiu amb l&#8217;\u00fas. Els diccionaris habituals encara no l&#8217;arrepleguen, s\u00ed que apareix en el [&hellip;]<\/p>\n","protected":false},"author":1,"featured_media":0,"comment_status":"open","ping_status":"open","sticky":false,"template":"","format":"standard","meta":{"footnotes":""},"categories":[39],"tags":[17,6,53,47],"class_list":["post-1384","post","type-post","status-publish","format-standard","hentry","category-lletra-t","tag-lexic","tag-medicina","tag-revisions","tag-termcat"],"post_mailing_queue_ids":[],"_links":{"self":[{"href":"https:\/\/www.cdlpv.org\/fitxes\/wp-json\/wp\/v2\/posts\/1384","targetHints":{"allow":["GET"]}}],"collection":[{"href":"https:\/\/www.cdlpv.org\/fitxes\/wp-json\/wp\/v2\/posts"}],"about":[{"href":"https:\/\/www.cdlpv.org\/fitxes\/wp-json\/wp\/v2\/types\/post"}],"author":[{"embeddable":true,"href":"https:\/\/www.cdlpv.org\/fitxes\/wp-json\/wp\/v2\/users\/1"}],"replies":[{"embeddable":true,"href":"https:\/\/www.cdlpv.org\/fitxes\/wp-json\/wp\/v2\/comments?post=1384"}],"version-history":[{"count":2,"href":"https:\/\/www.cdlpv.org\/fitxes\/wp-json\/wp\/v2\/posts\/1384\/revisions"}],"predecessor-version":[{"id":1386,"href":"https:\/\/www.cdlpv.org\/fitxes\/wp-json\/wp\/v2\/posts\/1384\/revisions\/1386"}],"wp:attachment":[{"href":"https:\/\/www.cdlpv.org\/fitxes\/wp-json\/wp\/v2\/media?parent=1384"}],"wp:term":[{"taxonomy":"category","embeddable":true,"href":"https:\/\/www.cdlpv.org\/fitxes\/wp-json\/wp\/v2\/categories?post=1384"},{"taxonomy":"post_tag","embeddable":true,"href":"https:\/\/www.cdlpv.org\/fitxes\/wp-json\/wp\/v2\/tags?post=1384"}],"curies":[{"name":"wp","href":"https:\/\/api.w.org\/{rel}","templated":true}]}}