{"id":1376,"date":"2017-11-24T20:30:26","date_gmt":"2017-11-24T18:30:26","guid":{"rendered":"http:\/\/www.cdlpv.org\/fitxes\/?p=1376"},"modified":"2017-12-20T20:08:18","modified_gmt":"2017-12-20T18:08:18","slug":"afecte-ta","status":"publish","type":"post","link":"https:\/\/www.cdlpv.org\/fitxes\/afecte-ta\/","title":{"rendered":"afecte -ta"},"content":{"rendered":"<ol>\n<li>Este adjectiu t\u00e9\u00a0l&#8217;accepci\u00f3 \u2018destinat o adscrit (a un servei, secci\u00f3, etc., de l\u2019administraci\u00f3)\u2019, que \u00e9s una extensi\u00f3 de l\u2019accepci\u00f3 (<span class=\"versaleta\"><em>diec<\/em><\/span>)\u00a0&#8216;q<span class=\"body\">ue ha estat afectat, destinat a un \u00fas determinat<\/span>&#8216;. En eixe sentit, el <span class=\"versaleta\"><em>dnv<\/em><\/span> incorpora l&#8217;accepci\u00f3 seg\u00fcent: \u00ab<span class=\"definicio\">Destinat a un \u00fas determinat, a un treball, a un organisme.<\/span>\u00bb<\/li>\n<li>Aquesta accepci\u00f3\u00a0facilitar la frase: [96\/A3115ceh] \u00abper la qual s\u2019autoritza determinada generaci\u00f3 de cr\u00e8dits afecta a la Conselleria d&#8217;Agricultura i Medi Ambient\u00bb.\u00a0Tamb\u00e9 en castell\u00e0 <em>afecto<\/em> t\u00e9 la mateixa accepci\u00f3.<\/li>\n<li>Dit aix\u00f2, conv\u00e9 recordar que el participi\u00a0<em>afectat<\/em> t\u00e9 tamb\u00e9 eixe valor i, per tant, la frase anterior podria ser: \u00abper la qual s\u2019autoritza determinada generaci\u00f3 de cr\u00e8dits afectada a la Conselleria d&#8217;Agricultura i Medi Ambient\u00bb.<\/li>\n<\/ol>\n","protected":false},"excerpt":{"rendered":"<p>Este adjectiu t\u00e9\u00a0l&#8217;accepci\u00f3 \u2018destinat o adscrit (a un servei, secci\u00f3, etc., de l\u2019administraci\u00f3)\u2019, que \u00e9s una extensi\u00f3 de l\u2019accepci\u00f3 (diec)\u00a0&#8216;que ha estat afectat, destinat a un \u00fas determinat&#8216;. En eixe sentit, el dnv incorpora l&#8217;accepci\u00f3 seg\u00fcent: \u00abDestinat a un \u00fas determinat, a un treball, a un organisme.\u00bb Aquesta accepci\u00f3\u00a0facilitar la frase: [96\/A3115ceh] \u00abper la qual [&hellip;]<\/p>\n","protected":false},"author":1,"featured_media":0,"comment_status":"open","ping_status":"open","sticky":false,"template":"","format":"standard","meta":{"footnotes":""},"categories":[18],"tags":[20,17],"class_list":["post-1376","post","type-post","status-publish","format-standard","hentry","category-lletra-a","tag-juridicoadministratiu","tag-lexic"],"post_mailing_queue_ids":[],"_links":{"self":[{"href":"https:\/\/www.cdlpv.org\/fitxes\/wp-json\/wp\/v2\/posts\/1376","targetHints":{"allow":["GET"]}}],"collection":[{"href":"https:\/\/www.cdlpv.org\/fitxes\/wp-json\/wp\/v2\/posts"}],"about":[{"href":"https:\/\/www.cdlpv.org\/fitxes\/wp-json\/wp\/v2\/types\/post"}],"author":[{"embeddable":true,"href":"https:\/\/www.cdlpv.org\/fitxes\/wp-json\/wp\/v2\/users\/1"}],"replies":[{"embeddable":true,"href":"https:\/\/www.cdlpv.org\/fitxes\/wp-json\/wp\/v2\/comments?post=1376"}],"version-history":[{"count":2,"href":"https:\/\/www.cdlpv.org\/fitxes\/wp-json\/wp\/v2\/posts\/1376\/revisions"}],"predecessor-version":[{"id":1378,"href":"https:\/\/www.cdlpv.org\/fitxes\/wp-json\/wp\/v2\/posts\/1376\/revisions\/1378"}],"wp:attachment":[{"href":"https:\/\/www.cdlpv.org\/fitxes\/wp-json\/wp\/v2\/media?parent=1376"}],"wp:term":[{"taxonomy":"category","embeddable":true,"href":"https:\/\/www.cdlpv.org\/fitxes\/wp-json\/wp\/v2\/categories?post=1376"},{"taxonomy":"post_tag","embeddable":true,"href":"https:\/\/www.cdlpv.org\/fitxes\/wp-json\/wp\/v2\/tags?post=1376"}],"curies":[{"name":"wp","href":"https:\/\/api.w.org\/{rel}","templated":true}]}}