{"id":1359,"date":"2017-11-16T15:30:57","date_gmt":"2017-11-16T13:30:57","guid":{"rendered":"http:\/\/www.cdlpv.org\/fitxes\/?p=1359"},"modified":"2017-11-19T19:48:36","modified_gmt":"2017-11-19T17:48:36","slug":"trenc","status":"publish","type":"post","link":"https:\/\/www.cdlpv.org\/fitxes\/trenc\/","title":{"rendered":"trenc"},"content":{"rendered":"<p>D&#8217;acord amb una resposta (15.11.2017)\u00a0de les oficines lexicogr\u00e0fiques de la Secci\u00f3 Filol\u00f2gica de l&#8217;<span class=\"versaleta\">iec<\/span>,\u00a0la paraula <a href=\"https:\/\/dlc.iec.cat\/results.asp?txtEntrada=trenc&amp;operEntrada=0\" target=\"_blank\" rel=\"noopener\"><em>trenc<\/em><\/a>\u00a0rebr\u00e0 una nova accepci\u00f3 en la futura revisi\u00f3 del <span class=\"versaleta\"><em>diec<\/em><\/span>, seguint l&#8217;\u00fas que l&#8217;institut ja\u00a0havia introdu\u00eft en l&#8217;ortografia del 2016: \u00abS\u00f3n diacr\u00edtics: el trenc (  \u0327), que modifica la lletra c&#8230;\u00bb. No han enviat en la resposta el text d&#8217;eixa accepci\u00f3.<\/p>\n<p>Per tant, per a designar eixe signe diacr\u00edtic que\u00a0convertix la lletra ce\u00a0<em>(c C)<\/em>\u00a0en ce\u00a0trencada <em>(\u00e7 \u00c7)<\/em>,\u00a0no utilitzaran la paraula <em>cedilla<\/em> del castell\u00e0 (paraula que ha passat al franc\u00e9s amb la forma <em>c\u00e9dille<\/em>).<\/p>\n","protected":false},"excerpt":{"rendered":"<p>D&#8217;acord amb una resposta (15.11.2017)\u00a0de les oficines lexicogr\u00e0fiques de la Secci\u00f3 Filol\u00f2gica de l&#8217;iec,\u00a0la paraula trenc\u00a0rebr\u00e0 una nova accepci\u00f3 en la futura revisi\u00f3 del diec, seguint l&#8217;\u00fas que l&#8217;institut ja\u00a0havia introdu\u00eft en l&#8217;ortografia del 2016: \u00abS\u00f3n diacr\u00edtics: el trenc ( \u0327), que modifica la lletra c&#8230;\u00bb. No han enviat en la resposta el text d&#8217;eixa [&hellip;]<\/p>\n","protected":false},"author":1,"featured_media":0,"comment_status":"open","ping_status":"open","sticky":false,"template":"","format":"standard","meta":{"footnotes":""},"categories":[39],"tags":[86,12,61],"class_list":["post-1359","post","type-post","status-publish","format-standard","hentry","category-lletra-t","tag-giec","tag-normativa","tag-ortografia"],"post_mailing_queue_ids":[],"_links":{"self":[{"href":"https:\/\/www.cdlpv.org\/fitxes\/wp-json\/wp\/v2\/posts\/1359","targetHints":{"allow":["GET"]}}],"collection":[{"href":"https:\/\/www.cdlpv.org\/fitxes\/wp-json\/wp\/v2\/posts"}],"about":[{"href":"https:\/\/www.cdlpv.org\/fitxes\/wp-json\/wp\/v2\/types\/post"}],"author":[{"embeddable":true,"href":"https:\/\/www.cdlpv.org\/fitxes\/wp-json\/wp\/v2\/users\/1"}],"replies":[{"embeddable":true,"href":"https:\/\/www.cdlpv.org\/fitxes\/wp-json\/wp\/v2\/comments?post=1359"}],"version-history":[{"count":3,"href":"https:\/\/www.cdlpv.org\/fitxes\/wp-json\/wp\/v2\/posts\/1359\/revisions"}],"predecessor-version":[{"id":1370,"href":"https:\/\/www.cdlpv.org\/fitxes\/wp-json\/wp\/v2\/posts\/1359\/revisions\/1370"}],"wp:attachment":[{"href":"https:\/\/www.cdlpv.org\/fitxes\/wp-json\/wp\/v2\/media?parent=1359"}],"wp:term":[{"taxonomy":"category","embeddable":true,"href":"https:\/\/www.cdlpv.org\/fitxes\/wp-json\/wp\/v2\/categories?post=1359"},{"taxonomy":"post_tag","embeddable":true,"href":"https:\/\/www.cdlpv.org\/fitxes\/wp-json\/wp\/v2\/tags?post=1359"}],"curies":[{"name":"wp","href":"https:\/\/api.w.org\/{rel}","templated":true}]}}