{"id":1072,"date":"2017-05-17T12:49:56","date_gmt":"2017-05-17T11:49:56","guid":{"rendered":"http:\/\/www.cdlpv.org\/fitxes\/?p=1072"},"modified":"2018-07-23T13:37:38","modified_gmt":"2018-07-23T12:37:38","slug":"de-per-si","status":"publish","type":"post","link":"https:\/\/www.cdlpv.org\/fitxes\/de-per-si\/","title":{"rendered":"de per si"},"content":{"rendered":"<ol>\n<li>Locuci\u00f3 adverbial\u00a0que\u00a0significa\u00a0&#8216;per la seva pr\u00f2pia naturalesa&#8217; o &#8216;per ell(a) mateix(a)&#8217;. No apareix encara en els diccionaris habituals. Abelard Saragoss\u00e0 <em>(<span class=\"versaleta\">sarag2018<\/span>)<\/em> comenta:<br \/>\n<blockquote><p>No veig tampoc qu\u00e8 guanyem canviant <em>per ell mateix<\/em> o <em>en ell mateix<\/em> per <em>de per si<\/em>.<\/p><\/blockquote>\n<p>La podem\u00a0trobar ja\u00a0en el <em>Llibre de Antiquitats <\/em>de la seu de Val\u00e8ncia, segons podem llegir en l&#8217;estudi de Joaquim Mart\u00ed Mestre (consulta: <a href=\"https:\/\/books.google.es\/books?id=DHrFPpjgrM8C&amp;pg=PA226&amp;dq=%22de+per+si%22&amp;hl=ca&amp;sa=X&amp;ved=0ahUKEwiPm9vm1vbTAhVHVhQKHZYSC3cQ6AEIKjAB#v=onepage&amp;q=%22de%20per%20si%22&amp;f=false\" target=\"_blank\" rel=\"noopener noreferrer\">17.05.2017<\/a>):<\/p>\n<blockquote><p>3.11.3.10. Contactes preposicionals<br \/>\n[&#8230;]\nI <em>de + per<\/em>, sempre seguit del pronom personal <em>si,<\/em> i precedit dels indefinits <em>cada<\/em> o <em>casc\u00fa:<\/em><br \/>\n\u00abtots los convents (&#8230;) havien de venir a dir responsos, cada convent <em>de per<\/em> si\u00bb (207,7) [&#8230;]<\/blockquote>\n<p>\u00c9s acceptada per l&#8217;\u00e9sAdir (consulta: <a href=\"http:\/\/esadir.cat\/entrades\/fitxa\/node\/de_per_si\" target=\"_blank\" rel=\"noopener noreferrer\">17.05.2017<\/a>). La fitxa 6921\/1 de l&#8217;Optimot (consulta: <a href=\"http:\/\/aplicacions.llengua.gencat.cat\/llc\/AppJava\/index.html;jsessionid=EFBF7E7E3923ECEC7BCC2D424467A5C6?input_cercar=entre+si&amp;action=Principal&amp;method=detall_completa&amp;numPagina=1&amp;idHit=9716&amp;database=FITXES_PUB&amp;tipusFont=Fitxes de l'Optimot&amp;idFont=9716&amp;titol=entre ells, elles o entre si? \/ ell mateix, ella mateixa o si mateix, si mateixa? \/ el pronom reflexiu de tercera persona&amp;numeroResultat=3&amp;clickLink=detall&amp;tipusCerca=cerca.tot\" target=\"_blank\" rel=\"noopener noreferrer\">17.05.2017<\/a>) l&#8217;admet impl\u00edcitament:<\/p>\n<blockquote><p>La forma\u00a0<em>si<\/em>\u00a0apareix tamb\u00e9 en combinaci\u00f3 amb determinats verbs com\u00a0<em>tornar en si<\/em>,\u00a0<em>estar fora de si<\/em>, i amb certes locucions preposicionals, com\u00a0<em>de per si<\/em>.<\/p><\/blockquote>\n<p>Segons indica Xavier P\u00e0mies (consulta: <a href=\"http:\/\/questionspuntualsdellengua.blogspot.com.es\/2016\/10\/de-per-si.html\" target=\"_blank\" rel=\"noopener noreferrer\">17.05.2017<\/a>), l&#8217;utilitza Coromines en el DECat (<span lang=\"ES\">II, 339b48; s. v. <em>burell<\/em><\/span>):<\/p>\n<blockquote><p>Aix\u00f2 de m\u00e9s a m\u00e9s requeriria uns altres sup\u00f2sits, en s\u00e8rie, cada un dels quals de per si seria ja ben for\u00e7at.<\/p><\/blockquote>\n<p>Tamb\u00e9 la recull el <em>Diccionari descriptiu de la llengua catalana<\/em> de l&#8217;IEC (consulta: <a href=\"http:\/\/dcc.iec.cat\/ddlci\/scripts\/article.asp?id=res@P81436#acc309422\" target=\"_blank\" rel=\"noopener noreferrer\">17.05.2017<\/a>):<\/p>\n<blockquote><p><strong>de per si<\/strong> <i>loc. adv.<\/i>\u00a0<b>1<\/b>.\u00a0[<b>LOC<\/b>] A part l&#8217;un de l&#8217;altre. <i>[&#8230;] aquets fins inmediats no poden ser cada un de per si ni tots plegats una justificaci\u00f3 [&#8230;].<\/i> [Xammar (1916): A, p. 7]<a class=\"refex\" title=\"Refer\u00e8ncia bibliogr\u00e0fica completa\"><sup>i<\/sup><\/a>.\u00a0<i>[&#8230;] mare y filla de per s\u00ed, varen fer igual observaci\u00f3 en els ulls d&#8217;aquell home [&#8230;].<\/i> [Oller (1906): N, p. 30]<a class=\"refex\" title=\"Refer\u00e8ncia bibliogr\u00e0fica completa\"><sup>i<\/sup><\/a>.\u00a0\u00a0<b>2<\/b>.\u00a0[<b>LOC<\/b>] De si<a tabindex=\"-1\"><b><sup>1<\/sup><\/b><\/a> (<i>loc.<\/i>). <img decoding=\"async\" src=\"http:\/\/dcc.iec.cat\/ddlci\/img\/fletxacol.gif\" \/>\u00a0<span class=\"sz8it\">~ mateix, ~ mateixa<\/span>. <i>[&#8230;] debiliten m\u00e9s encara el que ja \u00e9s feble de per si [&#8230;].<\/i> [Meli\u00e0 (1967): A, p. 31]<a class=\"refex\" title=\"Refer\u00e8ncia bibliogr\u00e0fica completa\"><sup>i<\/sup><\/a>.\u00a0<i>Els s\u00f2ls derivats de les llicorelles, de per si pobres en calci, solen \u00e9sser poc profunds, lleugers i de fertilitat molt relativa [&#8230;].<\/i> [Llensa (1955): 58, p. 20]<a class=\"refex\" title=\"Refer\u00e8ncia bibliogr\u00e0fica completa\"><sup>i<\/sup><\/a>.\u00a0<i>[&#8230;] feien molt incomprensible el seu messianisme, ja estrany de per si mateix.<\/i> [Olivar (1986): 24, p. 60]<a class=\"refex\" title=\"Refer\u00e8ncia bibliogr\u00e0fica completa\"><sup>i<\/sup><\/a>.\u00a0<i>[&#8230;] lo pecat directe contra D\u00e9u, com la blasfemia, es pecat mortal m\u00e9s grave de per s\u00ed que lo pecat directe contra l&#8217; home, com es lo robo.<\/i> [Viada (1885) [T]: 23, p. 24]<a class=\"refex\" title=\"Refer\u00e8ncia bibliogr\u00e0fica completa\"><sup>i<\/sup><\/a>.\u00a0<i>Els blats preco\u00e7os italians de qu\u00e8 havem parlat, tenen de per si resist\u00e8ncia a l&#8217;atac [&#8230;].<\/i> [Bardia (1936): 63, p. 72]<a class=\"refex\" title=\"Refer\u00e8ncia bibliogr\u00e0fica completa\"><sup>i<\/sup><\/a>.\u00a0\u00a0<b>3<\/b>.\u00a0[<b>LOC<\/b>] Per si<a tabindex=\"-1\"><b><sup>1<\/sup><\/b><\/a> (<i>loc.<\/i>). <img decoding=\"async\" src=\"http:\/\/dcc.iec.cat\/ddlci\/img\/fletxacol.gif\" \/>\u00a0<span class=\"sz8it\">~ mateix, ~ mateixa, ~ mateixes<\/span>. <i>Gaireb\u00e9 podem dir que la tirona viu de per si i per al seu amo, proporcionant-li en poc temps bona carn i molts i bons ous.<\/i> [<i>Andorra<\/i> (1933): 46, niv. 2, p. 11]<a class=\"refex\" title=\"Refer\u00e8ncia bibliogr\u00e0fica completa\"><sup>i<\/sup><\/a>.\u00a0<i>De per si mateixa, la terra produeix primer un bri, despr\u00e9s una espiga, despr\u00e9s blat granat a l&#8217;espiga.<\/i> [Renau (1981): 24, p. 45]<a class=\"refex\" title=\"Refer\u00e8ncia bibliogr\u00e0fica completa\"><sup>i<\/sup><\/a>.\u00a0<i>Les roques volc\u00e0niques no solen donar de per si relleus espec\u00edfics [&#8230;].<\/i> [Gallem\u00ed (1981): 55, p. 16]<a class=\"refex\" title=\"Refer\u00e8ncia bibliogr\u00e0fica completa\"><sup>i<\/sup><\/a>.\u00a0<i>El cas era per\u00f2 que la m\u00e0quina s&#8217;ho cobrava molt car i si b\u00e9 no s&#8217;equivocava mai a treure tants per cents i sumar milions, ella, de per si, ja valia milions [&#8230;].<\/i> [Villalonga (1970): N, p. 118]<a class=\"refex\" title=\"Refer\u00e8ncia bibliogr\u00e0fica completa\"><sup>i<\/sup><\/a>.\u00a0\u00a0<b>4<\/b>.\u00a0[<b>LOC<\/b>] Per si<a tabindex=\"-1\"><b><sup>5<\/sup><\/b><\/a> (<i>loc.<\/i>). <i>Si l&#8217;espai no fos quelcom de per si \u2014forma aprior\u00edstica o qualitat objectiva, no ho discutirem ara\u2014 com ens hi podr\u00edem orientar?<\/i> [Tusquets (1928): 14, p. 100]<a class=\"refex\" title=\"Refer\u00e8ncia bibliogr\u00e0fica completa\"><sup>i<\/sup><\/a>.<\/p><\/blockquote>\n<\/li>\n<li>En castell\u00e0, <em>de por s\u00ed,<\/em> apareix recollida en el\u00a0<span class=\"versaleta\"><em>dpd<\/em><\/span> (consulta: <a href=\"http:\/\/lema.rae.es\/dpd\/?key=s\u00ed\" target=\"_blank\" rel=\"noopener noreferrer\">17.05.2017<\/a>):<br \/>\n<blockquote><p><strong>3.4.<\/strong><strong> <i>de por s\u00ed.<\/i><\/strong> La locuci\u00f3n adverbial <i>de por s\u00ed,<\/i> que significa \u2018por su propia naturaleza\u2019, tambi\u00e9n debe variar seg\u00fan la persona gramatical a la que se refiera: <i>\u00abElla es estirada de por s\u00ed\u00bb<\/i> (Hidalgo <i>Azucena<\/i> [Esp. 1988]); <i>\u00abTengo la piel morena de por m\u00ed\u00bb<\/i> (SchzFerlosio <i>Jarama<\/i> [Esp. 1956]). No obstante, lo normal es usarla solo en tercera persona y utilizar, en el resto de los casos, la expresi\u00f3n equivalente <i>por naturaleza.<\/i><\/p><\/blockquote>\n<\/li>\n<\/ol>\n","protected":false},"excerpt":{"rendered":"<p>Locuci\u00f3 adverbial\u00a0que\u00a0significa\u00a0&#8216;per la seva pr\u00f2pia naturalesa&#8217; o &#8216;per ell(a) mateix(a)&#8217;. No apareix encara en els diccionaris habituals. Abelard Saragoss\u00e0 (sarag2018) comenta: No veig tampoc qu\u00e8 guanyem canviant per ell mateix o en ell mateix per de per si. La podem\u00a0trobar ja\u00a0en el Llibre de Antiquitats de la seu de Val\u00e8ncia, segons podem llegir en l&#8217;estudi [&hellip;]<\/p>\n","protected":false},"author":1,"featured_media":0,"comment_status":"open","ping_status":"open","sticky":false,"template":"","format":"standard","meta":{"footnotes":""},"categories":[35],"tags":[66,27],"class_list":["post-1072","post","type-post","status-publish","format-standard","hentry","category-lletra-d","tag-locucions","tag-sintaxi"],"post_mailing_queue_ids":[],"_links":{"self":[{"href":"https:\/\/www.cdlpv.org\/fitxes\/wp-json\/wp\/v2\/posts\/1072","targetHints":{"allow":["GET"]}}],"collection":[{"href":"https:\/\/www.cdlpv.org\/fitxes\/wp-json\/wp\/v2\/posts"}],"about":[{"href":"https:\/\/www.cdlpv.org\/fitxes\/wp-json\/wp\/v2\/types\/post"}],"author":[{"embeddable":true,"href":"https:\/\/www.cdlpv.org\/fitxes\/wp-json\/wp\/v2\/users\/1"}],"replies":[{"embeddable":true,"href":"https:\/\/www.cdlpv.org\/fitxes\/wp-json\/wp\/v2\/comments?post=1072"}],"version-history":[{"count":7,"href":"https:\/\/www.cdlpv.org\/fitxes\/wp-json\/wp\/v2\/posts\/1072\/revisions"}],"predecessor-version":[{"id":1789,"href":"https:\/\/www.cdlpv.org\/fitxes\/wp-json\/wp\/v2\/posts\/1072\/revisions\/1789"}],"wp:attachment":[{"href":"https:\/\/www.cdlpv.org\/fitxes\/wp-json\/wp\/v2\/media?parent=1072"}],"wp:term":[{"taxonomy":"category","embeddable":true,"href":"https:\/\/www.cdlpv.org\/fitxes\/wp-json\/wp\/v2\/categories?post=1072"},{"taxonomy":"post_tag","embeddable":true,"href":"https:\/\/www.cdlpv.org\/fitxes\/wp-json\/wp\/v2\/tags?post=1072"}],"curies":[{"name":"wp","href":"https:\/\/api.w.org\/{rel}","templated":true}]}}