{"id":1029,"date":"2017-04-26T10:25:25","date_gmt":"2017-04-26T08:25:25","guid":{"rendered":"http:\/\/www.cdlpv.org\/fitxes\/?p=1029"},"modified":"2017-05-04T19:09:33","modified_gmt":"2017-05-04T17:09:33","slug":"cantera","status":"publish","type":"post","link":"https:\/\/www.cdlpv.org\/fitxes\/cantera\/","title":{"rendered":"Cantera"},"content":{"rendered":"<p>Dubt\u00e0vem l&#8217;any 1997 per si el cam\u00ed de la Cantera d&#8217;Onda no seria \u00abde la Pedrera\u00bb. Doncs, no, l&#8217;<span class=\"versaleta\">avl<\/span> (consulta: 26.04.2017) confirma que \u00e9s Cantera:<\/p>\n<blockquote>\n<table style=\"height: 283px;\" width=\"554\">\n<tbody id=\"_corpustoponimicportlet_WAR_gestionconsultasportlet_INSTANCE_IogBn2l6x0i2_:mainForm:listadoResultadosValenciano_data\" class=\"ui-datatable-data ui-widget-content\">\n<tr class=\"ui-widget-content ui-datatable-even toponimosTableRow\" data-ri=\"0\">\n<td>Cam\u00ed de la Cantera (Almassora, Elx, Onda)<\/td>\n<\/tr>\n<tr class=\"ui-widget-content ui-datatable-odd toponimosTableRow\" data-ri=\"1\">\n<td>la Cantera (Alacant, Almassora, la Todolella, Llucena, Onda, Xodos)<\/td>\n<\/tr>\n<tr class=\"ui-widget-content ui-datatable-even toponimosTableRow\" data-ri=\"2\">\n<td>la Cantera de l&#8217;Aguilera (Llucena)<\/td>\n<\/tr>\n<tr class=\"ui-widget-content ui-datatable-odd toponimosTableRow\" data-ri=\"3\">\n<td>la Cantera de les Pomeres (Xodos)<\/td>\n<\/tr>\n<tr class=\"ui-widget-content ui-datatable-even toponimosTableRow\" data-ri=\"4\">\n<td>la Pedrera de Cavero (Albaida)<\/td>\n<\/tr>\n<tr class=\"ui-widget-content ui-datatable-odd toponimosTableRow\" data-ri=\"5\">\n<td>Portal de la Cantera (Alacant)<\/td>\n<\/tr>\n<\/tbody>\n<\/table>\n<\/blockquote>\n<p>A m\u00e9s, l&#8217;<span class=\"versaleta\">onomast (<\/span>que no recull aquest Cantera d&#8217;Onda), en consigna una m\u00e9s que no apareix en el cercador de l&#8217;<span class=\"versaleta\">avl<\/span>:<\/p>\n<blockquote><p><em>La Cantera<\/em>, partida de Santa Pola (Baix Vinalop\u00f3) (<span class=\"versaleta\">xxxvi<\/span>, 129.14.15)<\/p><\/blockquote>\n<p>Quant a la Cantera de les Pomeres de Xodos, C\u00e8sar Mateu (04.05.2017) envia la informaci\u00f3 seg\u00fcent:<\/p>\n<blockquote><p>A\u00a0Xodos, a les Pomeres, no hi ha cap pedrera. L&#8217;accepci\u00f3 correcta per a aquesta cantera \u00e9s la\u00a0de\u00a0<em>cantera <\/em>(1) dels <em>Criteris per a la fixaci\u00f3 de la topon\u00edmia valenciana <\/em>(<a href=\"http:\/\/www.avl.gva.es\/documents\/31987\/58581\/MANUALS_03.pdf\" target=\"_blank\" rel=\"noopener noreferrer\">veg.<\/a> p\u00e0g. 112.113):<\/p>\n<p style=\"padding-left: 30px;\"><strong>cantera<\/strong> f. <strong>1.<\/strong> Carena de pedra o penya-segat d\u2019una mola. <em>Cantera de les Refoies. Cantera de les Pomeres.<\/em> <strong>2.<\/strong> Galtes d\u2019un riu quan s\u2019encaixona. <em>Cantera del Riu. Cam\u00ed de la Cantera.<\/em><\/p>\n<\/blockquote>\n","protected":false},"excerpt":{"rendered":"<p>Dubt\u00e0vem l&#8217;any 1997 per si el cam\u00ed de la Cantera d&#8217;Onda no seria \u00abde la Pedrera\u00bb. Doncs, no, l&#8217;avl (consulta: 26.04.2017) confirma que \u00e9s Cantera: Cam\u00ed de la Cantera (Almassora, Elx, Onda) la Cantera (Alacant, Almassora, la Todolella, Llucena, Onda, Xodos) la Cantera de l&#8217;Aguilera (Llucena) la Cantera de les Pomeres (Xodos) la Pedrera de [&hellip;]<\/p>\n","protected":false},"author":1,"featured_media":0,"comment_status":"open","ping_status":"open","sticky":false,"template":"","format":"standard","meta":{"footnotes":""},"categories":[14],"tags":[53,57],"class_list":["post-1029","post","type-post","status-publish","format-standard","hentry","category-lletra-c","tag-revisions","tag-toponimia"],"post_mailing_queue_ids":[],"_links":{"self":[{"href":"https:\/\/www.cdlpv.org\/fitxes\/wp-json\/wp\/v2\/posts\/1029","targetHints":{"allow":["GET"]}}],"collection":[{"href":"https:\/\/www.cdlpv.org\/fitxes\/wp-json\/wp\/v2\/posts"}],"about":[{"href":"https:\/\/www.cdlpv.org\/fitxes\/wp-json\/wp\/v2\/types\/post"}],"author":[{"embeddable":true,"href":"https:\/\/www.cdlpv.org\/fitxes\/wp-json\/wp\/v2\/users\/1"}],"replies":[{"embeddable":true,"href":"https:\/\/www.cdlpv.org\/fitxes\/wp-json\/wp\/v2\/comments?post=1029"}],"version-history":[{"count":5,"href":"https:\/\/www.cdlpv.org\/fitxes\/wp-json\/wp\/v2\/posts\/1029\/revisions"}],"predecessor-version":[{"id":1049,"href":"https:\/\/www.cdlpv.org\/fitxes\/wp-json\/wp\/v2\/posts\/1029\/revisions\/1049"}],"wp:attachment":[{"href":"https:\/\/www.cdlpv.org\/fitxes\/wp-json\/wp\/v2\/media?parent=1029"}],"wp:term":[{"taxonomy":"category","embeddable":true,"href":"https:\/\/www.cdlpv.org\/fitxes\/wp-json\/wp\/v2\/categories?post=1029"},{"taxonomy":"post_tag","embeddable":true,"href":"https:\/\/www.cdlpv.org\/fitxes\/wp-json\/wp\/v2\/tags?post=1029"}],"curies":[{"name":"wp","href":"https:\/\/api.w.org\/{rel}","templated":true}]}}