{"id":376,"count":23,"description":"","link":"https:\/\/www.cdlpv.org\/dtl\/tag\/politica-linguistica\/","name":"pol\u00edtica ling\u00fc\u00edstica","slug":"politica-linguistica","taxonomy":"post_tag","meta":[],"_links":{"self":[{"href":"https:\/\/www.cdlpv.org\/dtl\/wp-json\/wp\/v2\/tags\/376","targetHints":{"allow":["GET"]}}],"collection":[{"href":"https:\/\/www.cdlpv.org\/dtl\/wp-json\/wp\/v2\/tags"}],"about":[{"href":"https:\/\/www.cdlpv.org\/dtl\/wp-json\/wp\/v2\/taxonomies\/post_tag"}],"wp:post_type":[{"href":"https:\/\/www.cdlpv.org\/dtl\/wp-json\/wp\/v2\/posts?tags=376"}],"curies":[{"name":"wp","href":"https:\/\/api.w.org\/{rel}","templated":true}]}}