{"id":993,"date":"2009-04-18T12:53:32","date_gmt":"2009-04-18T11:53:32","guid":{"rendered":"http:\/\/www.cdlpv.org\/dtl\/?p=993"},"modified":"2009-04-18T12:53:32","modified_gmt":"2009-04-18T11:53:32","slug":"993","status":"publish","type":"post","link":"https:\/\/www.cdlpv.org\/dtl\/2009\/04\/18\/993\/","title":{"rendered":"Per l&#8217;oficialitat del catal\u00e0 en la Uni\u00f3 Europea"},"content":{"rendered":"<caption id=\"attachment_992\" align=\"right\" width=\"150\" caption=\"El catal\u00e0, llengua oficial de la Uni\u00f3 Europea\"><a href=\"http:\/\/www.oficialitat.cat\" target=\"_blank\"><img loading=\"lazy\" decoding=\"async\" src=\"http:\/\/www.cdlpv.org\/dtl\/wp-content\/uploads\/2009\/04\/oficialitatcat1.png\" alt=\"El catal\u00e0, llengua oficial de la Uni\u00f3 Europea\" title=\"oficialitatcat\" width=\"163\" height=\"22\" class=\"size-thumbnail wp-image-992\" srcset=\"https:\/\/www.cdlpv.org\/dtl\/wp-content\/uploads\/2009\/04\/oficialitatcat1.png 163w, https:\/\/www.cdlpv.org\/dtl\/wp-content\/uploads\/2009\/04\/oficialitatcat1-150x20.png 150w\" sizes=\"auto, (max-width: 163px) 100vw, 163px\" \/><\/a><\/caption>\n<p>La campanya per a aconseguir l&#8217;oficialitat del catal\u00e0 en la Uni\u00f3 Europea continua avant. Els organitzadors ens han enviat algunes dades que conv\u00e9 difondre:<\/p>\n<blockquote><p>Des del 15 d&#8217;octubre, i sense cap esfor\u00e7 de promoci\u00f3, el susdit formulari ja ha recollit milers de signatures. Potser recordar\u00e0s que va apar\u00e8ixer amb intenci\u00f3 de calcar el format d&#8217;<a href=\"http:\/\/www.europarltv.europa.eu\/\" target=\"_blank\">EuroparlTV<\/a>, la televisi\u00f3 web del Parlament Europeu que no es trobava en catal\u00e0. Aquest calc va suposar noves amenaces de den\u00fancia al promotor de la campanya, en <a href=\"http:\/\/bloc.akamc2.cat\/\" target=\"_blank\">Miquel Catal\u00e0 i Co\u00eft<\/a>. Per esquivar conseq\u00fc\u00e8ncies legals que per for\u00e7a desviarien esfor\u00e7os, s&#8217;ha treballat el formulari per consolidar aquesta campanya de recollida com un afer participatiu i com\u00fa europeu.<\/p>\n<p>La tasca qued\u00e0 enllestida aquest mes d&#8217;abril i avui dia 17 aquest formulari ha estat traslladat a una nova adre\u00e7a web que l&#8217;hostatjar\u00e0 fins culminar la recollida de signatures.<\/p>\n<p>Aquest canvi ja havia estat previst d&#8217;antuvi. El treball que et presentem \u00e9s fruit d&#8217;aquesta previsi\u00f3.<\/p>\n<p>Tenim el goig de presentar-te avui mateix el nou web, heus-lo aqu\u00ed:<\/p>\n<h2 style=\"text-align: center;\"><a href=\"http:\/\/www.oficialitat.cat\/\" target=\"_blank\">www.oficialitat.cat<\/a><\/h2>\n<p>Finalment voldr\u00edem assabentar-te que Europarl.cat va acabar l&#8217;any havent superat els 155.000 visitants \u00fanics (m\u00e9s del triple que el web de l&#8217;Oficina de Barcelona) que visitaren m\u00e9s de 650.000 p\u00e0gines. Aquest any 2009 Europarl.cat no solament ha continuat l&#8217;\u00e8xit d&#8217;acollida: \u00e9s \u00fatil i s&#8217;ha consolidat com a eina de treball i de consulta. La seva exist\u00e8ncia, ara s\u00ed, es troba plenament garantida.<\/p><\/blockquote>\n","protected":false},"excerpt":{"rendered":"<p>La campanya per a aconseguir l&#8217;oficialitat del catal\u00e0 en la Uni\u00f3 Europea continua avant. Els organitzadors ens han enviat algunes dades que conv\u00e9 difondre: Des del 15 d&#8217;octubre, i sense cap esfor\u00e7 de promoci\u00f3, el susdit formulari ja ha recollit milers de signatures. Potser recordar\u00e0s que va apar\u00e8ixer amb intenci\u00f3 de calcar el format d&#8217;EuroparlTV, [&hellip;]<\/p>\n","protected":false},"author":2,"featured_media":0,"comment_status":"open","ping_status":"open","sticky":false,"template":"","format":"standard","meta":{"footnotes":""},"categories":[1],"tags":[],"class_list":["post-993","post","type-post","status-publish","format-standard","hentry","category-general"],"_links":{"self":[{"href":"https:\/\/www.cdlpv.org\/dtl\/wp-json\/wp\/v2\/posts\/993","targetHints":{"allow":["GET"]}}],"collection":[{"href":"https:\/\/www.cdlpv.org\/dtl\/wp-json\/wp\/v2\/posts"}],"about":[{"href":"https:\/\/www.cdlpv.org\/dtl\/wp-json\/wp\/v2\/types\/post"}],"author":[{"embeddable":true,"href":"https:\/\/www.cdlpv.org\/dtl\/wp-json\/wp\/v2\/users\/2"}],"replies":[{"embeddable":true,"href":"https:\/\/www.cdlpv.org\/dtl\/wp-json\/wp\/v2\/comments?post=993"}],"version-history":[{"count":0,"href":"https:\/\/www.cdlpv.org\/dtl\/wp-json\/wp\/v2\/posts\/993\/revisions"}],"wp:attachment":[{"href":"https:\/\/www.cdlpv.org\/dtl\/wp-json\/wp\/v2\/media?parent=993"}],"wp:term":[{"taxonomy":"category","embeddable":true,"href":"https:\/\/www.cdlpv.org\/dtl\/wp-json\/wp\/v2\/categories?post=993"},{"taxonomy":"post_tag","embeddable":true,"href":"https:\/\/www.cdlpv.org\/dtl\/wp-json\/wp\/v2\/tags?post=993"}],"curies":[{"name":"wp","href":"https:\/\/api.w.org\/{rel}","templated":true}]}}