{"id":99,"date":"2007-06-07T13:51:25","date_gmt":"2007-06-07T12:51:25","guid":{"rendered":"http:\/\/www.cdlpv.org\/dtl\/?p=99"},"modified":"2007-06-07T13:51:25","modified_gmt":"2007-06-07T12:51:25","slug":"demagogia-progre-amb-el-nom-de-la-llengua","status":"publish","type":"post","link":"https:\/\/www.cdlpv.org\/dtl\/2007\/06\/07\/demagogia-progre-amb-el-nom-de-la-llengua\/","title":{"rendered":"Demag\u00f2gia progre amb el nom de la llengua (1)"},"content":{"rendered":"<p>Escrivia ahir o desp\u00fas-ahir Vicent M. Monfort en <em>El Pa\u00eds<\/em> que hi ha massa personatgets pol\u00edtics que han trobat en les llistes electorals tancades dels partits un lloquet per a resoldre les seues vides laborals. Caldria afegir a eixes llistes la composici\u00f3 completa del senat espanyol, que \u00e9s una cambra per a m\u00f2mies vivents, no tant per les persones que hi seuen, sin\u00f3 pel seu paper pol\u00edtic &mdash;diuen&mdash; <em>gald\u00f3s<\/em>, i aix\u00f2 t\u00e9 les seues conseq\u00fc\u00e8ncies. A m\u00e9s d&#8217;aix\u00f2, alguna de les m\u00f2mies ressuscita de tant en tant i es veu que vol justificar d&#8217;alguna manera el sou i les prebendes. Potser caldria aclarir-li que no cal, per molt que es divertixquen aixina.<\/p>\n<p>Segons el <em>Levante-EMV<\/em> ahir en van ressuscitar dos de \u00absocialistes\u00bb i en lloc de fer pedagogia van trobar ocasi\u00f3 de jugar a petits demagogs. Potser alg\u00fa de l&#8217;AVL (del Tribunal Constitucional, o la mateixa Let\u00edcia Sabater) els hauria d&#8217;aclarir el valor dels noms:<\/p>\n<blockquote>\n<h2>El PP apoya un cambio de la Ley del Libro que excluye el valenciano<\/h2>\n<h3>Los populares respaldan una enmienda de ERC<\/h3>\n<h5>Efe, Madrid\/Valencia<\/h5>\n<p>El grupo parlamentario popular vot\u00f3 a favor, en el debate celebrado ayer en el Senado, de una enmienda de Esquerra Republicana de Catalunya (ERC) que modifica el proyecto de ley de la Lectura, del Libro y de las Bibliotecas en la que se reconocen como lenguas del Estado espa\u00f1ol el castellano, el euskera, el catal\u00e1n y el gallego.<\/p>\n<p>Seg\u00fan fuentes del grupo socialista en el Senado, la enmienda aprobada por ERC y el PP obvia el valenciano. En la redacci\u00f3n anterior del proyecto de ley se dec\u00eda que \u00abel Ministerio de Cultura desarrollar\u00e1, con la participaci\u00f3n y colaboraci\u00f3n de las comunidades aut\u00f3nomas, campa\u00f1as de promoci\u00f3n de los autores que se expresen en castellano o cualesquiera de las lenguas oficiales de las comunidades aut\u00f3nomas\u00bb .<\/p>\n<p>El grupo socialista vot\u00f3 en contra de la enmienda. Los senadores valencianos Joan Lerma y Segundo Bru declararon despu\u00e9s de la votaci\u00f3n que su grupo en el Congreso \u00abmodificar\u00e1 este cambio, a su vuelta del proyecto a la C\u00e1mara Baja, para restituir la redacci\u00f3n original\u00bb .<\/p>\n<p>De acuerdo con los socialistas, la proposici\u00f3n aprobada excluye el valenciano de las campa\u00f1as de promoci\u00f3n previstas para los autores que se expresen en cualquiera de las lenguas oficiales de las comunidades aut\u00f3nomas.<\/p>\n<p><strong>El PSOE dice que lo modificar\u00e1 <\/strong><\/p>\n<p>Con la enmienda aprobada con los votos de Esquerra y del Partido Popular, este apartado de la ley del Libro dir\u00e1: \u00abEl Ministerio de Cultura desarrollar\u00e1 con la participaci\u00f3n y colaboraci\u00f3n de las comunidades aut\u00f3nomas campa\u00f1as de promoci\u00f3n de los autores del estado espa\u00f1ol que se expresen indistintamente en castellano, catal\u00e1n, euskera y gallego\u00bb .<\/p>\n<p>Bru dijo a Efe que el Estatuto de la C. Valenciana considera al idioma valenciano como \u00ablengua oficial\u00bb, por lo que no entiende c\u00f3mo los senadores valencianos del PP han podido votar en contra de ello. \u00abTendr\u00e1n que explicarlo\u00bb, dijo. El senador socialista se mostr\u00f3 tambi\u00e9n sorprendido de que el PP haya votado a favor de una enmienda en la que se habla de autores del \u00abEstado espa\u00f1ol\u00bb , una expresi\u00f3n esta \u00faltima que \u00abresulta extra\u00f1a en boca del PP\u00bb .\n<\/p><\/blockquote>\n","protected":false},"excerpt":{"rendered":"<p>Escrivia ahir o desp\u00fas-ahir Vicent M. Monfort en El Pa\u00eds que hi ha massa personatgets pol\u00edtics que han trobat en les llistes electorals tancades dels partits un lloquet per a resoldre les seues vides laborals. Caldria afegir a eixes llistes la composici\u00f3 completa del senat espanyol, que \u00e9s una cambra per a m\u00f2mies vivents, no [&hellip;]<\/p>\n","protected":false},"author":2,"featured_media":0,"comment_status":"open","ping_status":"open","sticky":false,"template":"","format":"standard","meta":{"footnotes":""},"categories":[4,1,19],"tags":[],"class_list":["post-99","post","type-post","status-publish","format-standard","hentry","category-dret","category-general","category-politica"],"_links":{"self":[{"href":"https:\/\/www.cdlpv.org\/dtl\/wp-json\/wp\/v2\/posts\/99","targetHints":{"allow":["GET"]}}],"collection":[{"href":"https:\/\/www.cdlpv.org\/dtl\/wp-json\/wp\/v2\/posts"}],"about":[{"href":"https:\/\/www.cdlpv.org\/dtl\/wp-json\/wp\/v2\/types\/post"}],"author":[{"embeddable":true,"href":"https:\/\/www.cdlpv.org\/dtl\/wp-json\/wp\/v2\/users\/2"}],"replies":[{"embeddable":true,"href":"https:\/\/www.cdlpv.org\/dtl\/wp-json\/wp\/v2\/comments?post=99"}],"version-history":[{"count":0,"href":"https:\/\/www.cdlpv.org\/dtl\/wp-json\/wp\/v2\/posts\/99\/revisions"}],"wp:attachment":[{"href":"https:\/\/www.cdlpv.org\/dtl\/wp-json\/wp\/v2\/media?parent=99"}],"wp:term":[{"taxonomy":"category","embeddable":true,"href":"https:\/\/www.cdlpv.org\/dtl\/wp-json\/wp\/v2\/categories?post=99"},{"taxonomy":"post_tag","embeddable":true,"href":"https:\/\/www.cdlpv.org\/dtl\/wp-json\/wp\/v2\/tags?post=99"}],"curies":[{"name":"wp","href":"https:\/\/api.w.org\/{rel}","templated":true}]}}