{"id":987,"date":"2009-04-18T09:31:42","date_gmt":"2009-04-18T08:31:42","guid":{"rendered":"http:\/\/www.cdlpv.org\/dtl\/?p=987"},"modified":"2009-04-18T09:31:42","modified_gmt":"2009-04-18T08:31:42","slug":"la-constitucionalitat-linguistica-de-lestatut-catala","status":"publish","type":"post","link":"https:\/\/www.cdlpv.org\/dtl\/2009\/04\/18\/la-constitucionalitat-linguistica-de-lestatut-catala\/","title":{"rendered":"La constitucionalitat ling\u00fc\u00edstica de l&#8217;estatut catal\u00e0"},"content":{"rendered":"<p>Marta Torres Vilatarsana ens envia a trav\u00e9s de la llista InfoZ\u00e8fir la informaci\u00f3 seg\u00fcent:<\/p>\n<blockquote><p>\nEl proper dimarts 21 d&#8217;abril es far\u00e0 la presentaci\u00f3 del Dossier n\u00fam. 12 de l&#8217;Observatori de la Llengua, amb el t\u00edtol \u00abDictamen sobre la constitucionalitat de l&#8217;estatut d&#8217;autonomia del 2006 en temes ling\u00fc\u00edstics\u00bb<\/p>\n<p><strong>Lloc:<\/strong> c\/ Diputaci\u00f3, 276 (\u00d2mnium Cultural)<br \/>\n<strong>Hora:<\/strong> 19:00 h<br \/>\n<strong>Amb la intervenci\u00f3 de:<\/strong> Dra. Mar Aguilera, professora de dret constitucional<\/p>\n<p>Font: <a href=\"www.observatoridelallengua.cat\" target=\"_blank\">www.observatoridelallengua.cat<\/a>\n<\/p><\/blockquote>\n","protected":false},"excerpt":{"rendered":"<p>Marta Torres Vilatarsana ens envia a trav\u00e9s de la llista InfoZ\u00e8fir la informaci\u00f3 seg\u00fcent: El proper dimarts 21 d&#8217;abril es far\u00e0 la presentaci\u00f3 del Dossier n\u00fam. 12 de l&#8217;Observatori de la Llengua, amb el t\u00edtol \u00abDictamen sobre la constitucionalitat de l&#8217;estatut d&#8217;autonomia del 2006 en temes ling\u00fc\u00edstics\u00bb Lloc: c\/ Diputaci\u00f3, 276 (\u00d2mnium Cultural) Hora: 19:00 [&hellip;]<\/p>\n","protected":false},"author":2,"featured_media":0,"comment_status":"open","ping_status":"open","sticky":false,"template":"","format":"standard","meta":{"footnotes":""},"categories":[4,10,1],"tags":[96,115],"class_list":["post-987","post","type-post","status-publish","format-standard","hentry","category-dret","category-formacio","category-general","tag-catalunya","tag-constitucions"],"_links":{"self":[{"href":"https:\/\/www.cdlpv.org\/dtl\/wp-json\/wp\/v2\/posts\/987","targetHints":{"allow":["GET"]}}],"collection":[{"href":"https:\/\/www.cdlpv.org\/dtl\/wp-json\/wp\/v2\/posts"}],"about":[{"href":"https:\/\/www.cdlpv.org\/dtl\/wp-json\/wp\/v2\/types\/post"}],"author":[{"embeddable":true,"href":"https:\/\/www.cdlpv.org\/dtl\/wp-json\/wp\/v2\/users\/2"}],"replies":[{"embeddable":true,"href":"https:\/\/www.cdlpv.org\/dtl\/wp-json\/wp\/v2\/comments?post=987"}],"version-history":[{"count":0,"href":"https:\/\/www.cdlpv.org\/dtl\/wp-json\/wp\/v2\/posts\/987\/revisions"}],"wp:attachment":[{"href":"https:\/\/www.cdlpv.org\/dtl\/wp-json\/wp\/v2\/media?parent=987"}],"wp:term":[{"taxonomy":"category","embeddable":true,"href":"https:\/\/www.cdlpv.org\/dtl\/wp-json\/wp\/v2\/categories?post=987"},{"taxonomy":"post_tag","embeddable":true,"href":"https:\/\/www.cdlpv.org\/dtl\/wp-json\/wp\/v2\/tags?post=987"}],"curies":[{"name":"wp","href":"https:\/\/api.w.org\/{rel}","templated":true}]}}