{"id":972,"date":"2009-04-14T13:33:22","date_gmt":"2009-04-14T12:33:22","guid":{"rendered":"http:\/\/www.cdlpv.org\/dtl\/?p=972"},"modified":"2009-04-14T13:33:22","modified_gmt":"2009-04-14T12:33:22","slug":"liec-i-els-vint-i-cinc-anys-de-politica-linguistica","status":"publish","type":"post","link":"https:\/\/www.cdlpv.org\/dtl\/2009\/04\/14\/liec-i-els-vint-i-cinc-anys-de-politica-linguistica\/","title":{"rendered":"L&#8217;IEC i els vint-i-cinc anys de pol\u00edtica ling\u00fc\u00edstica"},"content":{"rendered":"<caption id=\"attachment_973\" align=\"alignright\" width=\"150\" caption=\"25 anys de PL\"><a href=\"http:\/\/www.cdlpv.org\/dtl\/wp-content\/uploads\/2009\/04\/iec-butllet1.jpg\"><img loading=\"lazy\" decoding=\"async\" src=\"http:\/\/www.cdlpv.org\/dtl\/wp-content\/uploads\/2009\/04\/iec-butllet1-150x150.jpg\" alt=\"25 anys de PL\" title=\"iec-butllet\u00ed 130\" width=\"150\" height=\"150\" class=\"size-thumbnail wp-image-973\" \/><\/a><\/caption>\n<p>El <a href=\"http:\/\/www.iec.cat\/butlleti\/130\/actiu.htm\" target=\"_blank\"><em>Butllet\u00ed de l&#8217;IEC<\/em><\/a> commemora els \u00faltims vint-i-cinc anys de pol\u00edtica ling\u00fc\u00edstica a Catalunya. Podem llegir que faran debats \u2014que deuen haver fet ja\u2014 sobre la pol\u00edtica ling\u00fc\u00edstica en Catalunya. Curiosament, la llei de pol\u00edtica ling\u00fc\u00edstica valenciana tamb\u00e9 ha fet vint-i-cinc anys, per\u00f2 no hi ha cap refer\u00e8ncia en el butllet\u00ed de l&#8217;IEC a eixe fet ni cap valoraci\u00f3 sobre la situaci\u00f3 dels usos ling\u00fc\u00edstics valencians. No s\u00e9 si ho tindran en compte o no. Una commemoraci\u00f3 i una reflexi\u00f3 una mica estanques, vaja.<\/p>\n","protected":false},"excerpt":{"rendered":"<p>El Butllet\u00ed de l&#8217;IEC commemora els \u00faltims vint-i-cinc anys de pol\u00edtica ling\u00fc\u00edstica a Catalunya. Podem llegir que faran debats \u2014que deuen haver fet ja\u2014 sobre la pol\u00edtica ling\u00fc\u00edstica en Catalunya. Curiosament, la llei de pol\u00edtica ling\u00fc\u00edstica valenciana tamb\u00e9 ha fet vint-i-cinc anys, per\u00f2 no hi ha cap refer\u00e8ncia en el butllet\u00ed de l&#8217;IEC a eixe [&hellip;]<\/p>\n","protected":false},"author":2,"featured_media":0,"comment_status":"open","ping_status":"open","sticky":false,"template":"","format":"standard","meta":{"footnotes":""},"categories":[2,3,4,1,47,27],"tags":[239,444],"class_list":["post-972","post","type-post","status-publish","format-standard","hentry","category-comunicacio","category-documentacio","category-dret","category-general","category-planificacio","category-sociolinguistica","tag-iec","tag-socioestadistica"],"_links":{"self":[{"href":"https:\/\/www.cdlpv.org\/dtl\/wp-json\/wp\/v2\/posts\/972","targetHints":{"allow":["GET"]}}],"collection":[{"href":"https:\/\/www.cdlpv.org\/dtl\/wp-json\/wp\/v2\/posts"}],"about":[{"href":"https:\/\/www.cdlpv.org\/dtl\/wp-json\/wp\/v2\/types\/post"}],"author":[{"embeddable":true,"href":"https:\/\/www.cdlpv.org\/dtl\/wp-json\/wp\/v2\/users\/2"}],"replies":[{"embeddable":true,"href":"https:\/\/www.cdlpv.org\/dtl\/wp-json\/wp\/v2\/comments?post=972"}],"version-history":[{"count":0,"href":"https:\/\/www.cdlpv.org\/dtl\/wp-json\/wp\/v2\/posts\/972\/revisions"}],"wp:attachment":[{"href":"https:\/\/www.cdlpv.org\/dtl\/wp-json\/wp\/v2\/media?parent=972"}],"wp:term":[{"taxonomy":"category","embeddable":true,"href":"https:\/\/www.cdlpv.org\/dtl\/wp-json\/wp\/v2\/categories?post=972"},{"taxonomy":"post_tag","embeddable":true,"href":"https:\/\/www.cdlpv.org\/dtl\/wp-json\/wp\/v2\/tags?post=972"}],"curies":[{"name":"wp","href":"https:\/\/api.w.org\/{rel}","templated":true}]}}