{"id":963,"date":"2009-04-08T12:06:07","date_gmt":"2009-04-08T11:06:07","guid":{"rendered":"http:\/\/www.cdlpv.org\/dtl\/?p=963"},"modified":"2009-04-08T12:06:07","modified_gmt":"2009-04-08T11:06:07","slug":"estadistiques-linguistiques-del-pais-valencia","status":"publish","type":"post","link":"https:\/\/www.cdlpv.org\/dtl\/2009\/04\/08\/estadistiques-linguistiques-del-pais-valencia\/","title":{"rendered":"Estad\u00edstiques ling\u00fc\u00edstiques del Pa\u00eds Valenci\u00e0"},"content":{"rendered":"<p>Segons la not\u00edcia de Sergi Pitarch en el diari <em>Levante<\/em> <a href=\"http:\/\/www.levante-emv.com\/secciones\/noticia.jsp?pRef=2009022200_4_558618__Castello-valenciano-pierde-fuerza\" target=\"_blank\">(22.03.2009)<\/a><\/p>\n<blockquote>\n<h2>L&#8217;\u00fas del valenci\u00e0 perd for\u00e7a<\/h2>\n<h3>Els socioling\u00fcistes alerten del \u00abperill\u00f3s\u00bb retroc\u00e9s de l&#8217;\u00fas de la llengua en Castell\u00f3<\/h3>\n<\/blockquote>\n<p>En canvi, m\u00e9s optimista \u00e9s la not\u00edcia de Luc\u00eda Gadea en el diari <em>El Pa\u00eds<\/em> (05.04.2009):<\/p>\n<blockquote>\n<h2>El valenci\u00e0 es parla m\u00e9s en les ciutats mitjanes<\/h2>\n[&#8230;]\n<p>El catedr\u00e0tic de Socioling\u00fc\u00edstica Brauli Montoya va establir ahir en Alcoi que esta tend\u00e8ncia a l&#8217;al\u00e7a ha comen\u00e7at en les comarques de l&#8217;Alcoi\u00e0, el Comtat i les Marines. Aquestes dades formen part de les \u00faltimes enquestes. \u00abLa conclusi\u00f3 \u00e9s que hem aconseguit parar el declivi de l&#8217;\u00fas social de la llengua\u00bb, va explicar. La primera enquesta de l&#8217;Institut d&#8217;Estudis Catalans data de 1985 i assenyalava que l&#8217;\u00fas en fam\u00edlia i la transmissi\u00f3 del valenci\u00e0 de pares a fills representava entre el 25&nbsp;% i el 30&nbsp;% de la poblaci\u00f3.\n<\/p><\/blockquote>\n<p>L&#8217;article no aclarix, doncs, si parlem de la transmissi\u00f3 intergeneracional o de l&#8217;\u00fas de la llengua. En tot cas, sembla que vol plantejar una din\u00e0mica diferent respecte de la situaci\u00f3 exposada per a Castell\u00f3. Cal dir que les enquestes de l&#8217;AVL (2004) i <span class=\"versaleta\">sies<\/span> (<span class=\"versaleta\">gv<\/span>, 2005) mostraven unes dades de transmissi\u00f3 en una altra l\u00ednia: \u00absempre en valenci\u00e0\u00bb 71,83&nbsp;% i 63,6% a la regi\u00f3 d&#8217;Alcoi-Gandia, dades que reflectia en el 2004 Alfons Garcia en el diari <em>Levante<\/em> <a href=\"http:\/\/www.geocities.com\/Athens\/Oracle\/7229\/Valencia\/lev0404avl.htm\" target=\"_blank\">(01.05.2004)<\/a>:<\/p>\n<blockquote><p>\nEn este \u00faltim aspecte, l&#8217;estudi revela que, en l&#8217;actualitat, el 35&nbsp;% dels habitants de la Comunitat declara utilitzar normalment el valenci\u00e0 a casa, quan en 1995 este percentatge era del 50&nbsp;%. La p\u00e8rdua d&#8217;usuaris dom\u00e8stics de la llengua aut\u00f2ctona ha estat aix\u00ed del 30&nbsp;% en 9 anys. La dada de 2004 \u00e9s fins i tot pitjor que la registrada en 1989 (43&nbsp;%). Per contra, el castell\u00e0 mai ha gaudit de tan bona salut en la Comunitat: el 55&nbsp;% ho usa a casa (set punts m\u00e9s que en 1995).\n<\/p><\/blockquote>\n<p>Ja ho diuen que hi ha veritats, veritats a mitges i estad\u00edstiques. Les estad\u00edstiques, es poden interpretar, per\u00f2 nom\u00e9s s\u00f3n un instrument per a alguna finalitat. Per tant, els qui tinguen alguna finalitat, esperem que siga bona.<\/p>\n<hr \/>\n<p class=\"nota\">M\u00e9s dades estad\u00edstiques: <a href=\"http:\/\/www.geocities.com\/Athens\/Oracle\/7229\/Valencia\/Taula.htm\" target=\"_blank\">\u00abDades sobre el catal\u00e0 al Pa\u00eds Valenci\u00e0\u00bb<\/a><\/span><\/p>\n","protected":false},"excerpt":{"rendered":"<p>Segons la not\u00edcia de Sergi Pitarch en el diari Levante (22.03.2009) L&#8217;\u00fas del valenci\u00e0 perd for\u00e7a Els socioling\u00fcistes alerten del \u00abperill\u00f3s\u00bb retroc\u00e9s de l&#8217;\u00fas de la llengua en Castell\u00f3 En canvi, m\u00e9s optimista \u00e9s la not\u00edcia de Luc\u00eda Gadea en el diari El Pa\u00eds (05.04.2009): El valenci\u00e0 es parla m\u00e9s en les ciutats mitjanes [&#8230;] [&hellip;]<\/p>\n","protected":false},"author":2,"featured_media":0,"comment_status":"open","ping_status":"open","sticky":false,"template":"","format":"standard","meta":{"footnotes":""},"categories":[38,2,3,1,46,47,27],"tags":[347,444],"class_list":["post-963","post","type-post","status-publish","format-standard","hentry","category-avl","category-comunicacio","category-documentacio","category-general","category-iec","category-planificacio","category-sociolinguistica","tag-pais-valencia","tag-socioestadistica"],"_links":{"self":[{"href":"https:\/\/www.cdlpv.org\/dtl\/wp-json\/wp\/v2\/posts\/963","targetHints":{"allow":["GET"]}}],"collection":[{"href":"https:\/\/www.cdlpv.org\/dtl\/wp-json\/wp\/v2\/posts"}],"about":[{"href":"https:\/\/www.cdlpv.org\/dtl\/wp-json\/wp\/v2\/types\/post"}],"author":[{"embeddable":true,"href":"https:\/\/www.cdlpv.org\/dtl\/wp-json\/wp\/v2\/users\/2"}],"replies":[{"embeddable":true,"href":"https:\/\/www.cdlpv.org\/dtl\/wp-json\/wp\/v2\/comments?post=963"}],"version-history":[{"count":0,"href":"https:\/\/www.cdlpv.org\/dtl\/wp-json\/wp\/v2\/posts\/963\/revisions"}],"wp:attachment":[{"href":"https:\/\/www.cdlpv.org\/dtl\/wp-json\/wp\/v2\/media?parent=963"}],"wp:term":[{"taxonomy":"category","embeddable":true,"href":"https:\/\/www.cdlpv.org\/dtl\/wp-json\/wp\/v2\/categories?post=963"},{"taxonomy":"post_tag","embeddable":true,"href":"https:\/\/www.cdlpv.org\/dtl\/wp-json\/wp\/v2\/tags?post=963"}],"curies":[{"name":"wp","href":"https:\/\/api.w.org\/{rel}","templated":true}]}}