{"id":96,"date":"2007-06-02T19:05:42","date_gmt":"2007-06-02T18:05:42","guid":{"rendered":"http:\/\/www.cdlpv.org\/dtl\/?p=96"},"modified":"2007-06-02T19:05:42","modified_gmt":"2007-06-02T18:05:42","slug":"acord-possible-per-la-reciprocitat-tv3-canal-9","status":"publish","type":"post","link":"https:\/\/www.cdlpv.org\/dtl\/2007\/06\/02\/acord-possible-per-la-reciprocitat-tv3-canal-9\/","title":{"rendered":"Acord possible per la reciprocitat TV3 &#8211; Canal 9"},"content":{"rendered":"<p>Passades les eleccions, continua el serial sobre la recepci\u00f3 de TV3 al Pa\u00eds Valenci\u00e0. Esperem que la cosa es normalitze de veres, a pesar que el govern valenci\u00e0 no sembla tindre cap sensibilitat ni que es plantege agrair l&#8217;esfor\u00e7 &mdash;este s\u00ed que va ser un esfor\u00e7 real, i no els ret\u00f2rics que els pol\u00edtics diuen que fan amb els diners de tots els ciutadans&mdash; dut a terme des de fa m\u00e9s de vint anys per ACPV i milers de valencians a fi d&#8217;ampliar la varietat i les opcions informatives en valenci\u00e0.<\/p>\n<p>Reprodu\u00efm la informaci\u00f3 que d\u00f3na <a href=\"http:\/\/www.vilaweb.cat\/www\/noticia?p_idcmp=2425104\" target=\"_blank\">Vilaweb<\/a>:<\/p>\n<blockquote>\n<h2>El govern valenci\u00e0 reitera el seu acord amb la reciprocitat entre TV3 i Canal 9<\/h2>\n<h3>Canal 9 podria crear un tercer canal en el nou multiplex que demana al ministeri espanyol d&#8217;Ind\u00fastria<\/h3>\n<h5>DIVENDRES, 01.06.2007<\/h5>\n<p>El portaveu en funcions de la Generalitat, Vicent Rambla, ha anunciat que el govern de Francisco Camps continua obert a la reciprocitat d&#8217;emissions entre Canal 9 i TV3. Aix\u00f2 no obstant ha afirmat que els repetidors d&#8217;ACPV que emeten el senyal de TV3 s\u00f3n il\u00b7legals i s&#8217;han de tancar. Segons Rambla les dues generalitats s\u00f3n d&#8217;acord i nom\u00e9s esperen que el govern espanyol habiliti un segon multiplex valenci\u00e0 per a donar inici a la reciprocitat.<\/p>\n<p>Rambla ha afirmat tamb\u00e9 que si es concedeix aquest multiplex Canal 9 estudiaria la creaci\u00f3 d&#8217;un tercer canal que sumaria a Canal 9 i Punt 2. Actualment per\u00f2 el primer multiplex auton\u00f2mic nom\u00e9s porta el senyal dels dos canals i els canals restants s\u00f3n en mans d&#8217;empreses privades. Segons el portaveu del govern valenci\u00e0 d&#8217;aquesta manera tots dos governs estarien en les mateixes condicions, gestionant dos multiplex cadascun.\n<\/p><\/blockquote>\n","protected":false},"excerpt":{"rendered":"<p>Passades les eleccions, continua el serial sobre la recepci\u00f3 de TV3 al Pa\u00eds Valenci\u00e0. Esperem que la cosa es normalitze de veres, a pesar que el govern valenci\u00e0 no sembla tindre cap sensibilitat ni que es plantege agrair l&#8217;esfor\u00e7 &mdash;este s\u00ed que va ser un esfor\u00e7 real, i no els ret\u00f2rics que els pol\u00edtics diuen [&hellip;]<\/p>\n","protected":false},"author":2,"featured_media":0,"comment_status":"open","ping_status":"open","sticky":false,"template":"","format":"standard","meta":{"footnotes":""},"categories":[2,1,19,34],"tags":[],"class_list":["post-96","post","type-post","status-publish","format-standard","hentry","category-comunicacio","category-general","category-politica","category-tv3"],"_links":{"self":[{"href":"https:\/\/www.cdlpv.org\/dtl\/wp-json\/wp\/v2\/posts\/96","targetHints":{"allow":["GET"]}}],"collection":[{"href":"https:\/\/www.cdlpv.org\/dtl\/wp-json\/wp\/v2\/posts"}],"about":[{"href":"https:\/\/www.cdlpv.org\/dtl\/wp-json\/wp\/v2\/types\/post"}],"author":[{"embeddable":true,"href":"https:\/\/www.cdlpv.org\/dtl\/wp-json\/wp\/v2\/users\/2"}],"replies":[{"embeddable":true,"href":"https:\/\/www.cdlpv.org\/dtl\/wp-json\/wp\/v2\/comments?post=96"}],"version-history":[{"count":0,"href":"https:\/\/www.cdlpv.org\/dtl\/wp-json\/wp\/v2\/posts\/96\/revisions"}],"wp:attachment":[{"href":"https:\/\/www.cdlpv.org\/dtl\/wp-json\/wp\/v2\/media?parent=96"}],"wp:term":[{"taxonomy":"category","embeddable":true,"href":"https:\/\/www.cdlpv.org\/dtl\/wp-json\/wp\/v2\/categories?post=96"},{"taxonomy":"post_tag","embeddable":true,"href":"https:\/\/www.cdlpv.org\/dtl\/wp-json\/wp\/v2\/tags?post=96"}],"curies":[{"name":"wp","href":"https:\/\/api.w.org\/{rel}","templated":true}]}}