{"id":959,"date":"2009-04-07T13:28:44","date_gmt":"2009-04-07T12:28:44","guid":{"rendered":"http:\/\/www.cdlpv.org\/dtl\/?p=959"},"modified":"2009-04-07T13:28:44","modified_gmt":"2009-04-07T12:28:44","slug":"la-politica-linguistica-sense-estat","status":"publish","type":"post","link":"https:\/\/www.cdlpv.org\/dtl\/2009\/04\/07\/la-politica-linguistica-sense-estat\/","title":{"rendered":"La pol\u00edtica ling\u00fc\u00edstica sense estat"},"content":{"rendered":"<caption id=\"attachment_960\" align=\"alignright\" width=\"150\" caption=\"Les pol\u00edtiques auton\u00f2miques\"><a href=\"http:\/\/www.cdlpv.org\/dtl\/wp-content\/uploads\/2009\/04\/pl20091.jpg\"><img loading=\"lazy\" decoding=\"async\" src=\"http:\/\/www.cdlpv.org\/dtl\/wp-content\/uploads\/2009\/04\/pl20091-150x150.jpg\" alt=\"Les pol\u00edtiques auton\u00f2miques\" title=\"Pol\u00edtiques ling\u00fcistiques del 2009\" width=\"150\" height=\"150\" class=\"size-thumbnail wp-image-960\" \/><\/a><\/caption>\n<p>En el diari <em>El Pa\u00eds<\/em> <a href=\"http:\/\/www.elpais.com\/articulo\/espana\/vuelta\/tortilla\/lenguas\/elpepiesp\/20090329elpepinac_8\/Tes\" target=\"_blank\">(29.03.2009)<\/a> podem llegir l&#8217;article de Pablo Xim\u00e9nez de Sandoval \u00abOtra vuelta a la tortilla de las lenguas\u00bb. En tractar-se d&#8217;una truita, el periodista trenca uns quants ous, com ara el fet que l&#8217;article no detalla quina \u00e9s la pol\u00edtica ling\u00fc\u00edstica estatal ni la relaci\u00f3 que respecte d&#8217;esta pol\u00edtica mantenen les altres. Es tracta d&#8217;una situaci\u00f3 paradoxal, at\u00e9s que la pol\u00edtica ling\u00fc\u00edstica estatal \u00e9s la que disposa de m\u00e9s recursos i normes al seu servei. I, pel que sembla, tamb\u00e9 disposa del recurs de la invisibilitat, tal com sabem que es recomana des de fa temps, <em>sin que se note el cuidado&#8230;<\/em><\/p>\n<p>A partir d&#8217;eixa constataci\u00f3, i sense el suport de les dades reals sobre el respecte als drets ling\u00fc\u00edstics de la ciutadania ni sobre l&#8217;efecte de les mesures que s&#8217;apliquen en cada territori, la informaci\u00f3 \u00e9s orientativa. Per\u00f2 poc m\u00e9s que aix\u00f2.<\/p>\n","protected":false},"excerpt":{"rendered":"<p>En el diari El Pa\u00eds (29.03.2009) podem llegir l&#8217;article de Pablo Xim\u00e9nez de Sandoval \u00abOtra vuelta a la tortilla de las lenguas\u00bb. En tractar-se d&#8217;una truita, el periodista trenca uns quants ous, com ara el fet que l&#8217;article no detalla quina \u00e9s la pol\u00edtica ling\u00fc\u00edstica estatal ni la relaci\u00f3 que respecte d&#8217;esta pol\u00edtica mantenen les [&hellip;]<\/p>\n","protected":false},"author":2,"featured_media":0,"comment_status":"open","ping_status":"open","sticky":false,"template":"","format":"standard","meta":{"footnotes":""},"categories":[2,3,4,1,47,19],"tags":[376],"class_list":["post-959","post","type-post","status-publish","format-standard","hentry","category-comunicacio","category-documentacio","category-dret","category-general","category-planificacio","category-politica","tag-politica-linguistica"],"_links":{"self":[{"href":"https:\/\/www.cdlpv.org\/dtl\/wp-json\/wp\/v2\/posts\/959","targetHints":{"allow":["GET"]}}],"collection":[{"href":"https:\/\/www.cdlpv.org\/dtl\/wp-json\/wp\/v2\/posts"}],"about":[{"href":"https:\/\/www.cdlpv.org\/dtl\/wp-json\/wp\/v2\/types\/post"}],"author":[{"embeddable":true,"href":"https:\/\/www.cdlpv.org\/dtl\/wp-json\/wp\/v2\/users\/2"}],"replies":[{"embeddable":true,"href":"https:\/\/www.cdlpv.org\/dtl\/wp-json\/wp\/v2\/comments?post=959"}],"version-history":[{"count":0,"href":"https:\/\/www.cdlpv.org\/dtl\/wp-json\/wp\/v2\/posts\/959\/revisions"}],"wp:attachment":[{"href":"https:\/\/www.cdlpv.org\/dtl\/wp-json\/wp\/v2\/media?parent=959"}],"wp:term":[{"taxonomy":"category","embeddable":true,"href":"https:\/\/www.cdlpv.org\/dtl\/wp-json\/wp\/v2\/categories?post=959"},{"taxonomy":"post_tag","embeddable":true,"href":"https:\/\/www.cdlpv.org\/dtl\/wp-json\/wp\/v2\/tags?post=959"}],"curies":[{"name":"wp","href":"https:\/\/api.w.org\/{rel}","templated":true}]}}