{"id":952,"date":"2009-04-06T13:04:08","date_gmt":"2009-04-06T12:04:08","guid":{"rendered":"http:\/\/www.cdlpv.org\/dtl\/?p=952"},"modified":"2009-04-06T13:04:08","modified_gmt":"2009-04-06T12:04:08","slug":"llibres-electronics-en-catala","status":"publish","type":"post","link":"https:\/\/www.cdlpv.org\/dtl\/2009\/04\/06\/llibres-electronics-en-catala\/","title":{"rendered":"Llibres electr\u00f2nics en catal\u00e0"},"content":{"rendered":"<p>Agafem la not\u00edcia del bloc <em><a href=\"http:\/\/bromeradelletres.blogspot.com\/2009\/04\/arriben-els-primers-e-books-en-la.html\" target=\"_blank\">Bromera de Lletres<\/a>:<\/em><\/p>\n<blockquote>\n<h2>Arriben els primers <em>e-books<\/em> en la nostra llengua<\/h2>\n<p>Ahir va ser un dia important per a <a href=\"\" target=\"_blank\">Edi.cat<\/a>, la xarxa d&#8217;editors independents creada per Angle, Bromera i Cosset\u00e0nia, perqu\u00e8 es va fer la presentaci\u00f3 p\u00fablica del portal: el primer web de venda de llibres i lectors electr\u00f2nics en la nostra llengua.\n<\/p><\/blockquote>\n<p><object width=\"320\" height=\"277\" id=\"SVP1130029IE\" align=\"right\" style=\"float:right; margin:0 0 10px 10px;\"><param name=\"movie\" value=\"http:\/\/www.tv3.cat\/svp2\/svp2.swf\"><\/param><param name=\"scale\" value=\"noscale\"><\/param><param name=\"align\" value=\"tl\"><\/param><param name=\"swliveconnect\" value=\"true\"><\/param><param name=\"menu\" value=\"true\"><\/param><param name=\"allowFullScreen\" value=\"true\"><\/param><param name=\"allowscriptaccess\" value=\"always\"><\/param><param name=\"FlashVars\" value=\"VIDEO_ID=1130029&#038;FD=578347&#038;WIDTH=320&#038;HEIGHT=240&#038;USE_LINK_TOCONTEXT=true\"><\/param><embed width=\"320\" height=\"277\" type=\"application\/x-shockwave-flash\" src=\"http:\/\/www.tv3.cat\/svp2\/svp2.swf\" id=\"SVP1130029\" scale=\"noscale\" name=\"SVP1130029\" salign=\"tl\" swliveconnect=\"true\" menu=\"true\" allowfullscreen=\"true\" allowscriptaccess=\"always\" FlashVars=\"VIDEO_ID=1130029&#038;FD=843393&#038;WIDTH=320&#038;HEIGHT=240&#038;USE_LINK_TOCONTEXT=true\" ><\/embed><\/object><\/p>\n<p>Si no vaig errat, no s\u00f3n els primers realment, perqu\u00e8 ja n&#8217;hi havien, si m\u00e9s no en <a href=\"http:\/\/www.grec.net\/llivirt\/mp.pgm?F=LLIBEL\" target=\"_blank\">Enciclop\u00e8dia Catalana<\/a>. En tot cas, ara s\u00ed que sembla que el sector rebr\u00e0 un impuls ben important.<\/p>\n","protected":false},"excerpt":{"rendered":"<p>Agafem la not\u00edcia del bloc Bromera de Lletres: Arriben els primers e-books en la nostra llengua Ahir va ser un dia important per a Edi.cat, la xarxa d&#8217;editors independents creada per Angle, Bromera i Cosset\u00e0nia, perqu\u00e8 es va fer la presentaci\u00f3 p\u00fablica del portal: el primer web de venda de llibres i lectors electr\u00f2nics en [&hellip;]<\/p>\n","protected":false},"author":2,"featured_media":0,"comment_status":"open","ping_status":"open","sticky":false,"template":"","format":"standard","meta":{"footnotes":""},"categories":[2,5,1,34],"tags":[291],"class_list":["post-952","post","type-post","status-publish","format-standard","hentry","category-comunicacio","category-edicio","category-general","category-tv3","tag-llibres"],"_links":{"self":[{"href":"https:\/\/www.cdlpv.org\/dtl\/wp-json\/wp\/v2\/posts\/952","targetHints":{"allow":["GET"]}}],"collection":[{"href":"https:\/\/www.cdlpv.org\/dtl\/wp-json\/wp\/v2\/posts"}],"about":[{"href":"https:\/\/www.cdlpv.org\/dtl\/wp-json\/wp\/v2\/types\/post"}],"author":[{"embeddable":true,"href":"https:\/\/www.cdlpv.org\/dtl\/wp-json\/wp\/v2\/users\/2"}],"replies":[{"embeddable":true,"href":"https:\/\/www.cdlpv.org\/dtl\/wp-json\/wp\/v2\/comments?post=952"}],"version-history":[{"count":0,"href":"https:\/\/www.cdlpv.org\/dtl\/wp-json\/wp\/v2\/posts\/952\/revisions"}],"wp:attachment":[{"href":"https:\/\/www.cdlpv.org\/dtl\/wp-json\/wp\/v2\/media?parent=952"}],"wp:term":[{"taxonomy":"category","embeddable":true,"href":"https:\/\/www.cdlpv.org\/dtl\/wp-json\/wp\/v2\/categories?post=952"},{"taxonomy":"post_tag","embeddable":true,"href":"https:\/\/www.cdlpv.org\/dtl\/wp-json\/wp\/v2\/tags?post=952"}],"curies":[{"name":"wp","href":"https:\/\/api.w.org\/{rel}","templated":true}]}}