{"id":946,"date":"2009-04-02T12:35:36","date_gmt":"2009-04-02T11:35:36","guid":{"rendered":"http:\/\/www.cdlpv.org\/dtl\/?p=946"},"modified":"2009-04-02T12:35:36","modified_gmt":"2009-04-02T11:35:36","slug":"ajudes-per-a-la-promocio-del-catala","status":"publish","type":"post","link":"https:\/\/www.cdlpv.org\/dtl\/2009\/04\/02\/ajudes-per-a-la-promocio-del-catala\/","title":{"rendered":"Ajudes per a la promoci\u00f3 del catal\u00e0"},"content":{"rendered":"<p>Els <em>Flaixos d\u2019Actualitat<\/em> (<a href=\"http:\/\/www20.gencat.cat\/portal\/site\/Llengcat\/menuitem.08f45c9e3857090e3285bdb1b0c0e1a0\/?vgnextoid=cedaaa22b7103110VgnVCM1000008d0c1e0aRCRD&#038;vgnextchannel=cedaaa22b7103110VgnVCM1000008d0c1e0aRCRD&#038;vgnextfmt=default target=\"_blank\">n\u00fam. 31<\/a>, 01.04.2009) ens envien, entre altres, la informaci\u00f3 seg\u00fcent:<\/p>\n<blockquote>\n<h2>Promoci\u00f3 dels usos de la llengua catalana<\/h2>\n<p>Al <span class=\"versaleta\"><em>dogc<\/em><\/span> n\u00fam. 5344, de 23 de mar\u00e7 de 2009, s\u2019ha publicat la convocat\u00f2ria de  concurs p\u00fablic per a la concessi\u00f3 de subvencions per a iniciatives adre\u00e7ades a promoure els usos de la llengua catalana a Catalunya per a l&#8217;any 2009. Tal com s\u2019indica a les bases, poden ser objecte d\u2019ajut les actuacions seg\u00fcents:<\/p>\n<p><em>a<\/em>) Les actuacions que promoguin l&#8217;\u00fas del catal\u00e0 en l&#8217;\u00e0mbit laboral i empresarial.<br \/>\n<em>b<\/em>) Les actuacions que promoguin l&#8217;\u00fas del catal\u00e0 en l&#8217;\u00e0mbit jur\u00eddic i judicial.<br \/>\n<em>c<\/em>) Les actuacions que promoguin l&#8217;\u00fas del catal\u00e0 en l&#8217;\u00e0mbit de la salut.<br \/>\n<em>d<\/em>) Les actuacions de foment de l&#8217;\u00fas del catal\u00e0 que tinguin com a persones destinat\u00e0ries la joventut (de 15 a 29 anys).<br \/>\n<em>e<\/em>) Les actuacions de foment de l&#8217;\u00fas del catal\u00e0 que tinguin com a persones destinat\u00e0ries aquelles que habitualment no parlen catal\u00e0.<br \/>\n<em>f<\/em>) Les actuacions que s&#8217;emmarquin en les campanyes de foment de l&#8217;\u00fas del catal\u00e0 que impulsi la Secretaria de Pol\u00edtica Ling\u00fc\u00edstica.<br \/>\n<em>g<\/em>) Les actuacions que s&#8217;insereixin en el marc i la filosofia del programa \u00abVoluntariat per la llengua\u00bb.<\/p>\n<p>El termini de presentaci\u00f3 de sol\u00b7licituds \u00e9s el 23 d&#8217;abril de 2009.<br \/>\nPer a m\u00e9s informaci\u00f3: <em><a href=\"http:\/\/www.gencat.cat\/llengua\/subvencions\" target=\"_blank\">http:\/\/www.gencat.cat\/llengua\/subvencions<\/a><\/em>\n<\/p><\/blockquote>\n","protected":false},"excerpt":{"rendered":"<p>Els Flaixos d\u2019Actualitat (<\/p>\n","protected":false},"author":2,"featured_media":0,"comment_status":"open","ping_status":"open","sticky":false,"template":"","format":"standard","meta":{"footnotes":""},"categories":[1,28],"tags":[51,223],"class_list":["post-946","post","type-post","status-publish","format-standard","hentry","category-general","category-subvencions","tag-ajudes","tag-generalitat-de-catalunya"],"_links":{"self":[{"href":"https:\/\/www.cdlpv.org\/dtl\/wp-json\/wp\/v2\/posts\/946","targetHints":{"allow":["GET"]}}],"collection":[{"href":"https:\/\/www.cdlpv.org\/dtl\/wp-json\/wp\/v2\/posts"}],"about":[{"href":"https:\/\/www.cdlpv.org\/dtl\/wp-json\/wp\/v2\/types\/post"}],"author":[{"embeddable":true,"href":"https:\/\/www.cdlpv.org\/dtl\/wp-json\/wp\/v2\/users\/2"}],"replies":[{"embeddable":true,"href":"https:\/\/www.cdlpv.org\/dtl\/wp-json\/wp\/v2\/comments?post=946"}],"version-history":[{"count":0,"href":"https:\/\/www.cdlpv.org\/dtl\/wp-json\/wp\/v2\/posts\/946\/revisions"}],"wp:attachment":[{"href":"https:\/\/www.cdlpv.org\/dtl\/wp-json\/wp\/v2\/media?parent=946"}],"wp:term":[{"taxonomy":"category","embeddable":true,"href":"https:\/\/www.cdlpv.org\/dtl\/wp-json\/wp\/v2\/categories?post=946"},{"taxonomy":"post_tag","embeddable":true,"href":"https:\/\/www.cdlpv.org\/dtl\/wp-json\/wp\/v2\/tags?post=946"}],"curies":[{"name":"wp","href":"https:\/\/api.w.org\/{rel}","templated":true}]}}