{"id":942,"date":"2009-04-01T14:17:11","date_gmt":"2009-04-01T13:17:11","guid":{"rendered":"http:\/\/www.cdlpv.org\/dtl\/?p=942"},"modified":"2009-04-01T14:17:11","modified_gmt":"2009-04-01T13:17:11","slug":"de-nou-la-vella-politica-linguistica-al-pais-basc","status":"publish","type":"post","link":"https:\/\/www.cdlpv.org\/dtl\/2009\/04\/01\/de-nou-la-vella-politica-linguistica-al-pais-basc\/","title":{"rendered":"De nou la vella pol\u00edtica ling\u00fc\u00edstica al Pa\u00eds Basc"},"content":{"rendered":"<p>El Pa\u00eds Basc est\u00e0 en un proc\u00e9s de canvi, ja que el <span class=\"versaleta\">pnb<\/span> ha guanyat les eleccions, per\u00f2 no aconseguir\u00e0 el suport necessari per a ocupar el govern.<\/p>\n<p>Les novetats que assenyalen els diaris indiquen que un aspecte habitualment tan poc important com \u00e9s la llengua \u2014poc important quan es tracta de valorar la tasca dels t\u00e8cnics ling\u00fc\u00edstics\u2014, resulta que sembla un eix bastant central de les negociacions i del proc\u00e9s de canvi. El pacte entre el <span class=\"versaleta\">psoe<\/span> i el <span class=\"versaleta\">pp<\/span> no sembla que es preocupe gens per millorar la gesti\u00f3 ling\u00fc\u00edstica, el coneixment de les lleng\u00fces o el compliment dels drets ling\u00fc\u00edstics dels ciutadans, sin\u00f3 que pren mesures simplement per afavorir el desconeixement de l&#8217;\u00e8uscar, almenys entenem aix\u00f2 del que comenta Javier Rivas en el diari <em>El Pa\u00eds<\/em> <a href=\"http:\/\/www.elpais.com\/articulo\/espana\/PSE\/PP\/alcanzan\/acuerdo\/estable\/da\/prioridad\/lucha\/ETA\/elpepiesp\/20090331elpepinac_1\/Tes\" target=\"_blank\">(31.03.2009)<\/a>:<\/p>\n<blockquote><p>\n<strong>\u2014 Educaci\u00f3.<\/strong> Un dels punts clau per al <span class=\"versaleta\">pp<\/span> i, juntament amb l&#8217;\u00e8uscar, un dels que m\u00e9s negociaci\u00f3 ha necessitat. El <span class=\"versaleta\">pp<\/span> aconseguix que es garantixca l&#8217;\u00abexercici efectiu\u00bb del dret dels pares a triar la llengua en qu\u00e8 seran educats els seus fills. En conjunt, ix refor\u00e7at l&#8217;actual sistema de tres models (castell\u00e0, biling\u00fce i en \u00e8uscar) i es busca un consens per al model triling\u00fce (amb l&#8217;angl\u00e9s) que el <span class=\"versaleta\">pse<\/span> duia en el seu programa. Els decrets que la Conselleria d&#8217;Educaci\u00f3, d&#8217;<span class=\"versaleta\">ea<\/span>, va aprovar per a fixar l&#8217;\u00e8uscar com a llengua vehicular en prim\u00e0ria, infantil i Batxillerat, els dos \u00faltims ja amb el parlament dissolt, seran derogats.<br \/>\n[&#8230;]\n<strong>\u2014 Pol\u00edtica ling\u00fc\u00edstica. <\/strong>Es garantir\u00e0 l&#8217;exercici efectiu de la lliure elecci\u00f3 dels pares de la llengua vehicular. La llengua no limitar\u00e0 l&#8217;acc\u00e9s a la funci\u00f3 p\u00fablica.\n<\/p><\/blockquote>\n<p>Conforme redacten les coses, si la llengua no limita l&#8217;acc\u00e9s a la funci\u00f3 p\u00fablica, no cal saber ni \u00e8uscar ni castell\u00e0. Sabem que aix\u00f2 nom\u00e9s ser\u00e0 cert en el cas del basc. D&#8217;altra banda, en un gest de molta \u00abresponsabilitat\u00bb, el <span class=\"versaleta\">pse<\/span> desenvolupa el dret a la ignor\u00e0ncia p\u00fablica de la llengua basca, concepte que no s&#8217;explicita per\u00f2 que es fa efectiu amb les mesures que s&#8217;adopten.<\/p>\n","protected":false},"excerpt":{"rendered":"<p>El Pa\u00eds Basc est\u00e0 en un proc\u00e9s de canvi, ja que el pnb ha guanyat les eleccions, per\u00f2 no aconseguir\u00e0 el suport necessari per a ocupar el govern. Les novetats que assenyalen els diaris indiquen que un aspecte habitualment tan poc important com \u00e9s la llengua \u2014poc important quan es tracta de valorar la tasca [&hellip;]<\/p>\n","protected":false},"author":2,"featured_media":0,"comment_status":"open","ping_status":"open","sticky":false,"template":"","format":"standard","meta":{"footnotes":""},"categories":[36,4,1,19,24,27],"tags":[346],"class_list":["post-942","post","type-post","status-publish","format-standard","hentry","category-allofobia","category-dret","category-general","category-politica","category-requisit-linguistic","category-sociolinguistica","tag-pais-basc"],"_links":{"self":[{"href":"https:\/\/www.cdlpv.org\/dtl\/wp-json\/wp\/v2\/posts\/942","targetHints":{"allow":["GET"]}}],"collection":[{"href":"https:\/\/www.cdlpv.org\/dtl\/wp-json\/wp\/v2\/posts"}],"about":[{"href":"https:\/\/www.cdlpv.org\/dtl\/wp-json\/wp\/v2\/types\/post"}],"author":[{"embeddable":true,"href":"https:\/\/www.cdlpv.org\/dtl\/wp-json\/wp\/v2\/users\/2"}],"replies":[{"embeddable":true,"href":"https:\/\/www.cdlpv.org\/dtl\/wp-json\/wp\/v2\/comments?post=942"}],"version-history":[{"count":0,"href":"https:\/\/www.cdlpv.org\/dtl\/wp-json\/wp\/v2\/posts\/942\/revisions"}],"wp:attachment":[{"href":"https:\/\/www.cdlpv.org\/dtl\/wp-json\/wp\/v2\/media?parent=942"}],"wp:term":[{"taxonomy":"category","embeddable":true,"href":"https:\/\/www.cdlpv.org\/dtl\/wp-json\/wp\/v2\/categories?post=942"},{"taxonomy":"post_tag","embeddable":true,"href":"https:\/\/www.cdlpv.org\/dtl\/wp-json\/wp\/v2\/tags?post=942"}],"curies":[{"name":"wp","href":"https:\/\/api.w.org\/{rel}","templated":true}]}}