{"id":94,"date":"2007-05-28T08:23:55","date_gmt":"2007-05-28T07:23:55","guid":{"rendered":"http:\/\/www.cdlpv.org\/dtl\/?p=94"},"modified":"2007-05-28T08:23:55","modified_gmt":"2007-05-28T07:23:55","slug":"lavl-dictamina-sobre-xalo","status":"publish","type":"post","link":"https:\/\/www.cdlpv.org\/dtl\/2007\/05\/28\/lavl-dictamina-sobre-xalo\/","title":{"rendered":"L&#8217;AVL dictamina sobre Xal\u00f3"},"content":{"rendered":"<p>Un canvi a la vista quant a les denominacions dels municipis valencians:<\/p>\n<blockquote>\n<h2>El municipi de Xal\u00f3 adopta el seu nom en valenci\u00e0 com a \u00fanica denominaci\u00f3 oficial<\/h2>\n<h5>VAL\u00c8NCIA, 25.05.2007 (EUROPA PRESS)<\/h5>\n<p>L&#8217;Acad\u00e8mia Valenciana de la Llengua (AVL) ha aprovat hui la denominaci\u00f3 valenciana de la poblaci\u00f3 de Xal\u00f3 (Marina Alta), despr\u00e9s que l&#8217;Ajuntament d&#8217;este municipi, decidira adoptar el nom oficial \u00abnom\u00e9s\u00bb en valenci\u00e0, d&#8217;acord amb la proposta la instituci\u00f3 normativa de \u00abfixar la forma correcta i hist\u00f2rica\u00bb de cada poble en esta llengua, segons han informat hui fonts d&#8217;esta entitat en un comunicat.<\/p>\n<p>Sobre esta q\u00fcesti\u00f3, han precisat que l&#8217;informe de la Secci\u00f3 d&#8217;Onom\u00e0stica, presidida per Emili Casanova, indica que la grafia \u00abX\u00bb representa en valenci\u00e0 el so palatal fricatiu sord que cont\u00e9 el top\u00f2nim en posici\u00f3 inicial i que apareix ja en les formes medievals que es troben documentades des del segle XIII, i tamb\u00e9 la inexist\u00e8ncia de la \u00abN\u00bb final en la forma popular valenciana del top\u00f2nim, que s\u00ed apareix en la denominaci\u00f3 en castell\u00e0, \u00abJal\u00f3n\u00bb.<\/p>\n<p>Amb la poblaci\u00f3 de Xal\u00f3, s\u00f3n ja dos els municipis valencians que han adaptat el seu nom oficial a \u00abnom\u00e9s la seua forma en valenci\u00e0\u00bb des que l&#8217;AVL t\u00e9 plenes compet\u00e8ncies sobre l&#8217;onom\u00e0stica i la topon\u00edmia. En este sentit, han recordat que, \u00abfa uns mesos es va aprovar la denominaci\u00f3 \u00fanica de &#8220;Vila-real\u00bb, tamb\u00e9 a petici\u00f3 de la corporaci\u00f3 municipal de la ciutat.\n<\/p><\/blockquote>\n","protected":false},"excerpt":{"rendered":"<p>Un canvi a la vista quant a les denominacions dels municipis valencians: El municipi de Xal\u00f3 adopta el seu nom en valenci\u00e0 com a \u00fanica denominaci\u00f3 oficial VAL\u00c8NCIA, 25.05.2007 (EUROPA PRESS) L&#8217;Acad\u00e8mia Valenciana de la Llengua (AVL) ha aprovat hui la denominaci\u00f3 valenciana de la poblaci\u00f3 de Xal\u00f3 (Marina Alta), despr\u00e9s que l&#8217;Ajuntament d&#8217;este municipi, [&hellip;]<\/p>\n","protected":false},"author":2,"featured_media":0,"comment_status":"open","ping_status":"open","sticky":false,"template":"","format":"standard","meta":{"footnotes":""},"categories":[38,4,1,19,32],"tags":[372],"class_list":["post-94","post","type-post","status-publish","format-standard","hentry","category-avl","category-dret","category-general","category-politica","category-toponimia","tag-pobles"],"_links":{"self":[{"href":"https:\/\/www.cdlpv.org\/dtl\/wp-json\/wp\/v2\/posts\/94","targetHints":{"allow":["GET"]}}],"collection":[{"href":"https:\/\/www.cdlpv.org\/dtl\/wp-json\/wp\/v2\/posts"}],"about":[{"href":"https:\/\/www.cdlpv.org\/dtl\/wp-json\/wp\/v2\/types\/post"}],"author":[{"embeddable":true,"href":"https:\/\/www.cdlpv.org\/dtl\/wp-json\/wp\/v2\/users\/2"}],"replies":[{"embeddable":true,"href":"https:\/\/www.cdlpv.org\/dtl\/wp-json\/wp\/v2\/comments?post=94"}],"version-history":[{"count":0,"href":"https:\/\/www.cdlpv.org\/dtl\/wp-json\/wp\/v2\/posts\/94\/revisions"}],"wp:attachment":[{"href":"https:\/\/www.cdlpv.org\/dtl\/wp-json\/wp\/v2\/media?parent=94"}],"wp:term":[{"taxonomy":"category","embeddable":true,"href":"https:\/\/www.cdlpv.org\/dtl\/wp-json\/wp\/v2\/categories?post=94"},{"taxonomy":"post_tag","embeddable":true,"href":"https:\/\/www.cdlpv.org\/dtl\/wp-json\/wp\/v2\/tags?post=94"}],"curies":[{"name":"wp","href":"https:\/\/api.w.org\/{rel}","templated":true}]}}