{"id":939,"date":"2009-03-26T14:07:13","date_gmt":"2009-03-26T13:07:13","guid":{"rendered":"http:\/\/www.cdlpv.org\/dtl\/?p=939"},"modified":"2009-03-26T14:07:13","modified_gmt":"2009-03-26T13:07:13","slug":"premis-per-activitats-de-promocio-linguistica","status":"publish","type":"post","link":"https:\/\/www.cdlpv.org\/dtl\/2009\/03\/26\/premis-per-activitats-de-promocio-linguistica\/","title":{"rendered":"Premis per activitats de promoci\u00f3 ling\u00fc\u00edstica"},"content":{"rendered":"<p>El <span class=\"versaleta\">cidaj<\/span> ens envia la informaci\u00f3 seg\u00fcent:<\/p>\n<blockquote>\n<ul>\n<li>RESOLUCI\u00d3 de 9 de mar\u00e7 de 2009, de la Conselleria d&#8217;Educaci\u00f3 per la qual s&#8217;adjudiquen els Premis de la Generalitat per a les activitats de promoci\u00f3 de l&#8217;\u00fas del valenci\u00e0 en les falles en l&#8217;\u00e0mbit de la Comunitat Valenciana. [2009\/3046] (<span class=\"versaleta\"><em>docv<\/em><\/span> n\u00fam. 5.980, de 24.03.2009)<br \/>\n<a href=\"http:\/\/www.pre.gva.es\/L\/BASIS\/BDLGVPU\/WEB\/LEV_LISTADOS_TEXTO\/DDW?W=SIGNATURA_N=3345+AND+SIGNATURA_A=2009&#038;R=N\" target=\"_blank\">&#8211; vegeu text<\/a><\/p>\n<li>RESOLUCI\u00d3 de 9 de mar\u00e7 de 2009, de la Conselleria d&#8217;Educaci\u00f3, per la qual s&#8217;adjudiquen els Premis de la Generalitat per a les activitats de promoci\u00f3 de l&#8217;\u00fas del valenci\u00e0 en les festes de la Magdalena en l&#8217;\u00e0mbit de la Comunitat Valenciana. [2009\/3047] (<span class=\"versaleta\"><em>docv<\/em><\/span> n\u00fam. 5.980, de 24.03.2009)<br \/>\n<a href=\"http:\/\/www.pre.gva.es\/L\/BASIS\/BDLGVPU\/WEB\/LEV_LISTADOS_TEXTO\/DDW?W=SIGNATURA_N=3346+AND+SIGNATURA_A=2009&#038;R=N\" target=\"_blank\">&#8211; vegeu text<\/a>\n<\/ul>\n<\/blockquote>\n","protected":false},"excerpt":{"rendered":"<p>El cidaj ens envia la informaci\u00f3 seg\u00fcent: RESOLUCI\u00d3 de 9 de mar\u00e7 de 2009, de la Conselleria d&#8217;Educaci\u00f3 per la qual s&#8217;adjudiquen els Premis de la Generalitat per a les activitats de promoci\u00f3 de l&#8217;\u00fas del valenci\u00e0 en les falles en l&#8217;\u00e0mbit de la Comunitat Valenciana. [2009\/3046] (docv n\u00fam. 5.980, de 24.03.2009) &#8211; vegeu text [&hellip;]<\/p>\n","protected":false},"author":2,"featured_media":0,"comment_status":"open","ping_status":"open","sticky":false,"template":"","format":"standard","meta":{"footnotes":""},"categories":[1,27,28],"tags":[199,296,380],"class_list":["post-939","post","type-post","status-publish","format-standard","hentry","category-general","category-sociolinguistica","category-subvencions","tag-falles","tag-magdalena","tag-premis"],"_links":{"self":[{"href":"https:\/\/www.cdlpv.org\/dtl\/wp-json\/wp\/v2\/posts\/939","targetHints":{"allow":["GET"]}}],"collection":[{"href":"https:\/\/www.cdlpv.org\/dtl\/wp-json\/wp\/v2\/posts"}],"about":[{"href":"https:\/\/www.cdlpv.org\/dtl\/wp-json\/wp\/v2\/types\/post"}],"author":[{"embeddable":true,"href":"https:\/\/www.cdlpv.org\/dtl\/wp-json\/wp\/v2\/users\/2"}],"replies":[{"embeddable":true,"href":"https:\/\/www.cdlpv.org\/dtl\/wp-json\/wp\/v2\/comments?post=939"}],"version-history":[{"count":0,"href":"https:\/\/www.cdlpv.org\/dtl\/wp-json\/wp\/v2\/posts\/939\/revisions"}],"wp:attachment":[{"href":"https:\/\/www.cdlpv.org\/dtl\/wp-json\/wp\/v2\/media?parent=939"}],"wp:term":[{"taxonomy":"category","embeddable":true,"href":"https:\/\/www.cdlpv.org\/dtl\/wp-json\/wp\/v2\/categories?post=939"},{"taxonomy":"post_tag","embeddable":true,"href":"https:\/\/www.cdlpv.org\/dtl\/wp-json\/wp\/v2\/tags?post=939"}],"curies":[{"name":"wp","href":"https:\/\/api.w.org\/{rel}","templated":true}]}}