{"id":936,"date":"2009-03-26T09:16:06","date_gmt":"2009-03-26T08:16:06","guid":{"rendered":"http:\/\/www.cdlpv.org\/dtl\/?p=936"},"modified":"2009-03-26T09:16:06","modified_gmt":"2009-03-26T08:16:06","slug":"subvencions-del-consell-de-mallorca","status":"publish","type":"post","link":"https:\/\/www.cdlpv.org\/dtl\/2009\/03\/26\/subvencions-del-consell-de-mallorca\/","title":{"rendered":"Subvencions del Consell de Mallorca"},"content":{"rendered":"<p>Magadalena Ramon ens envia a trav\u00e9s d&#8217;InfoZ\u00e8fir la informaci\u00f3 seg\u00fcent:<\/p>\n<blockquote>\n<h2>Subvencions per a normalitzaci\u00f3 ling\u00fc\u00edstica<\/h2>\n<h3>El Consell destina 400.000 euros a subvencions per a normalitzaci\u00f3 ling\u00fc\u00edstica<\/h3>\n<p>Les tres l\u00ednies de subvencions de la Direcci\u00f3 Insular de Pol\u00edtica Ling\u00fc\u00edstica van destinades a empreses, associacions de ve\u00efns i federacions de ve\u00efns, revistes en catal\u00e0 i almanacs d\u2019entitats associatives o organitzatives sense finalitat de lucre, i tamb\u00e9 a projectes de dinamitzaci\u00f3 ling\u00fc\u00edstica als municipis. <\/p>\n<p>La vicepresidenta i consellera de Cultura i Patrimoni del Consell de Mallorca, Joana Llu\u00efsa Mascar\u00f3, i la directora insular de Pol\u00edtica Ling\u00fc\u00edstica, Rosa Barcel\u00f3, han anunciat avui que la Direcci\u00f3 Insular de Pol\u00edtica Ling\u00fc\u00edstica destinar\u00e0 un total de 400.000 \u20ac a les tres l\u00ednies de subvencions del Departament per fomentar l\u2019\u00fas de la llengua catalana en l\u2019\u00e0mbit de les empreses privades, dels ajuntaments i de les entitats sense finalitat lucrativa. <\/p>\n<p><strong>Convocat\u00f2ria de subvencions per a la normalitzaci\u00f3 ling\u00fc\u00edstica a les empreses per a l\u2019any 2009 (revistes, almanacs, etiquetatge, material impr\u00e8s, cartes de restaurant, p\u00e0gines web i portals d\u2019Internet) <\/strong><\/p>\n<p>El Departament de Cultura i Patrimoni, a trav\u00e9s de la Direcci\u00f3 Insular de Pol\u00edtica Ling\u00fc\u00edstica, va encetar ja fa uns anys una l\u00ednia de subvencions destinada a ajudar el sector empresarial amb l\u2019objectiu de contribuir a la normalitzaci\u00f3 ling\u00fc\u00edstica del catal\u00e0 a les empreses, especialment despr\u00e9s de l\u2019entrada en vigor de la Llei 11\/2001, de 15 de juny, d&#8217;ordenaci\u00f3 de l&#8217;activitat comercial a les Illes Balears. En aquesta llei es concreta m\u00e9s la normativa que fa refer\u00e8ncia als usos ling\u00fc\u00edstics en el m\u00f3n del comer\u00e7. L&#8217;article 8 fa refer\u00e8ncia expressa a la necessitat que els establiments oberts al p\u00fablic tenguin la senyalitzaci\u00f3 i la documentaci\u00f3 d&#8217;oferta de servei com a m\u00ednim en catal\u00e0, i que les administracions promoguin l&#8217;\u00fas progressiu de la llengua catalana en les activitats comercials. Enguany, com a novetat, s\u2019hi han incorporat els almanacs (calendaris acompanyats de dades astron\u00f2miques, de pron\u00f2stics sobre el temps, de les dates de les festes anyals, les fires, etc.), a causa de l\u2019arrelament que tenen aquest tipus de publicacions entre la poblaci\u00f3, sobretot a la Part Forana. <\/p>\n<p>Durant l&#8217;exercici pressupostari de 2009 es destina la quantitat de 275.000 \u20ac a les subvencions per a la normalitzaci\u00f3 ling\u00fc\u00edstica a empreses, dels quals 30.000 \u20ac corresponen a les revistes, 3.000 als almanacs i 242.000 \u20ac als conceptes d\u2019etiquetatge, material impr\u00e8s, cartes de restaurant, p\u00e0gines web i portals d\u2019Internet. <\/p>\n<p>Es poden acollir a aquesta convocat\u00f2ria de subvencions les sol\u00b7licituds per a activitats realitzades fins al 31 d\u2019octubre de 2009, sempre que ja no hagin estat objecte de subvenci\u00f3 per part del Consell de Mallorca durant aquest per\u00edode, referides a: <\/p>\n<p>\u2014 La normalitzaci\u00f3 ling\u00fc\u00edstica a les empreses, per a:<br \/>\n\u2022 el foment de les revistes en llengua catalana, en suport paper o en format digital, publicades a l&#8217;illa de Mallorca, sempre que abastin una \u00e0rea informativa superior a l&#8217;\u00e0mbit municipal, que no pertanyin a l&#8217;Associaci\u00f3 de la Premsa Forana, que tenguin com a m\u00ednim un 80 % de les p\u00e0gines redactades en catal\u00e0 i una extensi\u00f3 m\u00ednima de 16 p\u00e0gines. En queden exclosos els diaris, els setmanaris, les revistes quinzenals, les mensuals i les escolars.<br \/>\n\u2022 el foment de l\u2019edici\u00f3 d\u2019almanacs o pron\u00f2stics en llengua catalana<br \/>\n\u2022 l&#8217;etiquetatge en llengua catalana<br \/>\n\u2022 l&#8217;edici\u00f3 en llengua catalana de material impr\u00e8s<br \/>\n\u2022 l&#8217;edici\u00f3 en llengua catalana de cartes de restaurant<br \/>\n\u2022 l\u2019edici\u00f3 en llengua catalana de p\u00e0gines web i de portals d\u2019Internet <\/p>\n<p>Aquesta convocat\u00f2ria es va publicar al BOIB n\u00fam. 38, de 14 de mar\u00e7 de 2009, s\u2019ha exposat en els taulers d&#8217;anuncis dels centres i serveis del Consell de Mallorca i s\u2019ha penjat a la p\u00e0gina web del Consell de Mallorca www.conselldemallorca.cat . Aix\u00ed mateix, se n\u2019ha donat coneixement als ajuntaments de Mallorca perqu\u00e8 l\u2019exposin als taulers d&#8217;anuncis. <\/p>\n<p>Terminis per presentar sol\u00b7licituds: <\/p>\n<p>\u2022 revistes i almanacs: 14 de maig de 2009<br \/>\n\u2022 etiquetatge, material impr\u00e8s, cartes de restaurant, p\u00e0gines web i portals d\u2019Internet: 8 de setembre de 2009 <\/p>\n<p><strong>Convocat\u00f2ria de subvencions de 2009 per als ajuntaments per a projectes de dinamitzaci\u00f3 ling\u00fc\u00edstica al municipi<\/strong> <\/p>\n<p>El Consell de Mallorca pret\u00e9n impulsar una pol\u00edtica ling\u00fc\u00edstica pr\u00f2pia en col\u00b7laboraci\u00f3 amb entitats p\u00fabliques mitjan\u00e7ant la convocat\u00f2ria d\u2019una l\u00ednia de subvencions. Es tracta, en aquest cas, de contribuir a fomentar i impulsar la realitzaci\u00f3 de projectes de dinamitzaci\u00f3 ling\u00fc\u00edstica en els municipis. <\/p>\n<p>D\u2019aquesta manera, s\u2019aconsegueix impulsar la normalitzaci\u00f3 ling\u00fc\u00edstica dins l\u2019\u00e0mbit de compet\u00e8ncia dels ajuntaments i fer-la extensiva a la resta de la poblaci\u00f3 civil mitjan\u00e7ant campanyes que fomentin l\u2019\u00fas de la llengua catalana en les activitats quotidianes. <\/p>\n<p>Durant l&#8217;exercici pressupostari de 2009, s\u2019hi destina la quantitat de 90.000 \u20ac, dels quals 55.000 corresponen a la modalitat A (ajuntaments de m\u00e9s de 10.000 habitants) i 35.000 a la modalitat B (ajuntaments de menys de 10.000 habitants). <\/p>\n<p>Es poden acollir a aquesta convocat\u00f2ria de subvencions els ajuntaments que tenguin l\u2019objectiu de dur a terme, fins al 31 d\u2019octubre de 2009, un projecte nou i espec\u00edfic de dinamitzaci\u00f3 ling\u00fc\u00edstica al municipi dissenyat exclusivament per presentar-se a aquesta convocat\u00f2ria o que sigui una ampliaci\u00f3 d\u2019un projecte anual de dinamitzaci\u00f3 ja previst. <\/p>\n<p>El termini per presentar sol\u00b7licituds acaba dia 22 d\u2019abril de 2009 (BOIB n\u00fam. 38, de 14 de mar\u00e7 de 2009). <\/p>\n<p><strong>Convocat\u00f2ria de subvencions de normalitzaci\u00f3 ling\u00fc\u00edstica per a butlletins d\u2019associacions de ve\u00efns i de federacions d\u2019associacions de ve\u00efns i revistes en catal\u00e0 i almanacs d\u2019entitats associatives o organitzatives sense finalitat de lucre per a l\u2019any 2009<\/strong><\/p>\n<p>Ja fa uns quants anys que el Consell de Mallorca dedica una atenci\u00f3 especial a les publicacions en forma de butllet\u00ed de les associacions de ve\u00efns, a les quals s\u2019incorporaren l\u2019any 2005 les federacions d\u2019associacions de ve\u00efns, i a les publicacions peri\u00f2diques en catal\u00e0, especialment en el camp que fa refer\u00e8ncia a l&#8217;augment presencial de la llengua pr\u00f2pia en aquestes activitats. <\/p>\n<p>Durant l&#8217;exercici pressupostari de 2009 es destina la quantitat de 35.000 \u20ac a les subvencions de normalitzaci\u00f3 ling\u00fc\u00edstica per a activitats promogudes per entitats associatives o organitzatives sense finalitat de lucre (dels quals 8.000 \u20ac corresponen a les publicacions d\u2019associacions de ve\u00efns i federacions d\u2019associacions de ve\u00efns, 2.000 \u20ac a l\u2019edici\u00f3 d\u2019almanacs i 25.000 \u20ac a revistes en catal\u00e0). <\/p>\n<p>Es poden acollir a aquesta convocat\u00f2ria de subvencions les sol\u00b7licituds de normalitzaci\u00f3 ling\u00fc\u00edstica a les associacions de ve\u00efns i federacions d\u2019associacions de ve\u00efns, amb suport als butlletins de l&#8217;associaci\u00f3 o de la federaci\u00f3, per al foment de l\u2019edici\u00f3 d\u2019almanacs o pron\u00f2stics i per al foment de les revistes en llengua catalana, en suport paper o en format digital, publicades a l&#8217;illa de Mallorca, sempre que abastin una \u00e0rea informativa superior a l&#8217;\u00e0mbit municipal, que no pertanyin a l&#8217;Associaci\u00f3 de la Premsa Forana i que tenguin un 80% de les p\u00e0gines redactades en catal\u00e0. <\/p>\n<p>En queden exclosos els diaris, els setmanaris, les revistes quinzenals, les mensuals i les escolars. Aquestes activitats es poden realitzar fins al 31 d\u2019octubre de 2009 i no poden haver estat objecte de subvenci\u00f3 per part del Consell de Mallorca durant aquest per\u00edode. <\/p>\n<p>El termini per presentar sol\u00b7licituds acaba dia 6 de maig de 2009 (BOIB n\u00fam. 33, de 5 de mar\u00e7 de 2009). <\/p>\n<p>M\u00e9s informaci\u00f3: <a href=\"http:\/\/www.conselldemallorca.net\/?action=news&#038;id_article=8395\" target=\"_blank\">Consell de Mallorca<\/a>\n<\/p><\/blockquote>\n","protected":false},"excerpt":{"rendered":"<p>Magadalena Ramon ens envia a trav\u00e9s d&#8217;InfoZ\u00e8fir la informaci\u00f3 seg\u00fcent: Subvencions per a normalitzaci\u00f3 ling\u00fc\u00edstica El Consell destina 400.000 euros a subvencions per a normalitzaci\u00f3 ling\u00fc\u00edstica Les tres l\u00ednies de subvencions de la Direcci\u00f3 Insular de Pol\u00edtica Ling\u00fc\u00edstica van destinades a empreses, associacions de ve\u00efns i federacions de ve\u00efns, revistes en catal\u00e0 i almanacs d\u2019entitats [&hellip;]<\/p>\n","protected":false},"author":2,"featured_media":0,"comment_status":"open","ping_status":"open","sticky":false,"template":"","format":"standard","meta":{"footnotes":""},"categories":[7,1,47,28],"tags":[141,240,298],"class_list":["post-936","post","type-post","status-publish","format-standard","hentry","category-empreses","category-general","category-planificacio","category-subvencions","tag-despesa","tag-illes-balears","tag-mallorca"],"_links":{"self":[{"href":"https:\/\/www.cdlpv.org\/dtl\/wp-json\/wp\/v2\/posts\/936","targetHints":{"allow":["GET"]}}],"collection":[{"href":"https:\/\/www.cdlpv.org\/dtl\/wp-json\/wp\/v2\/posts"}],"about":[{"href":"https:\/\/www.cdlpv.org\/dtl\/wp-json\/wp\/v2\/types\/post"}],"author":[{"embeddable":true,"href":"https:\/\/www.cdlpv.org\/dtl\/wp-json\/wp\/v2\/users\/2"}],"replies":[{"embeddable":true,"href":"https:\/\/www.cdlpv.org\/dtl\/wp-json\/wp\/v2\/comments?post=936"}],"version-history":[{"count":0,"href":"https:\/\/www.cdlpv.org\/dtl\/wp-json\/wp\/v2\/posts\/936\/revisions"}],"wp:attachment":[{"href":"https:\/\/www.cdlpv.org\/dtl\/wp-json\/wp\/v2\/media?parent=936"}],"wp:term":[{"taxonomy":"category","embeddable":true,"href":"https:\/\/www.cdlpv.org\/dtl\/wp-json\/wp\/v2\/categories?post=936"},{"taxonomy":"post_tag","embeddable":true,"href":"https:\/\/www.cdlpv.org\/dtl\/wp-json\/wp\/v2\/tags?post=936"}],"curies":[{"name":"wp","href":"https:\/\/api.w.org\/{rel}","templated":true}]}}