{"id":933,"date":"2009-03-23T13:29:10","date_gmt":"2009-03-23T12:29:10","guid":{"rendered":"http:\/\/www.cdlpv.org\/dtl\/?p=933"},"modified":"2009-03-23T13:29:10","modified_gmt":"2009-03-23T12:29:10","slug":"conferencies-de-juan-carlos-moreno-i-carme-mangiron","status":"publish","type":"post","link":"https:\/\/www.cdlpv.org\/dtl\/2009\/03\/23\/conferencies-de-juan-carlos-moreno-i-carme-mangiron\/","title":{"rendered":"Confer\u00e8ncies de Juan Carlos Moreno i Carme Mangiron"},"content":{"rendered":"<p>Ferran Isabel ens envia a trav\u00e9s d&#8217;InfoZ\u00e8fir la informaci\u00f3 seg\u00fcent:<\/p>\n<blockquote>\n<h2>Confer\u00e8ncies a la Universitat d&#8217;Alacant<\/h2>\n<ul>\n<li>Dr. Juan Carlos Moreno, Universitat Aut\u00f2noma de Madrid<br \/>\n<b>\u00abT\u00f3picos del nacionalismo ling\u00fc\u00edstico espa\u00f1ol\u00bb<\/b><br \/>\nDilluns 23 de mar\u00e7, 12 h<br \/>\nSala de Graus. Facultat de Filosofia i Lletres III<\/p>\n<li>Dra. Carme Mangiron, Dublin City University<br \/>\n<b>\u00abReptes de la traducci\u00f3 de videojocs\u00bb<\/b><br \/>\nDimecres 25 de mar\u00e7, 15 h<br \/>\nAula Magna. Filosofia i Lletres II\n<\/ul>\n<p>Totes dues s&#8217;insereixen en la VII Setmana Cultural de Primavera que organitza la Facultat de Filosofia i Lletres de la Universitat d&#8217;Alacant.<\/p>\n<p>Font: Joan Perujo (Universitat d&#8217;Alacant)<br \/>\nM\u00e9s informaci\u00f3 en: <a href=\"http:\/\/www.ua.es\/dfcat\/\" target=\"_blank\">http:\/\/www.ua.es\/dfcat\/<\/a>\n<\/p><\/blockquote>\n","protected":false},"excerpt":{"rendered":"<p>Ferran Isabel ens envia a trav\u00e9s d&#8217;InfoZ\u00e8fir la informaci\u00f3 seg\u00fcent: Confer\u00e8ncies a la Universitat d&#8217;Alacant Dr. Juan Carlos Moreno, Universitat Aut\u00f2noma de Madrid \u00abT\u00f3picos del nacionalismo ling\u00fc\u00edstico espa\u00f1ol\u00bb Dilluns 23 de mar\u00e7, 12 h Sala de Graus. Facultat de Filosofia i Lletres III Dra. Carme Mangiron, Dublin City University \u00abReptes de la traducci\u00f3 de videojocs\u00bb [&hellip;]<\/p>\n","protected":false},"author":2,"featured_media":0,"comment_status":"open","ping_status":"open","sticky":false,"template":"","format":"standard","meta":{"footnotes":""},"categories":[36,10,1],"tags":[112,492,500],"class_list":["post-933","post","type-post","status-publish","format-standard","hentry","category-allofobia","category-formacio","category-general","tag-conferencies","tag-universitat-dalacant","tag-universitats"],"_links":{"self":[{"href":"https:\/\/www.cdlpv.org\/dtl\/wp-json\/wp\/v2\/posts\/933","targetHints":{"allow":["GET"]}}],"collection":[{"href":"https:\/\/www.cdlpv.org\/dtl\/wp-json\/wp\/v2\/posts"}],"about":[{"href":"https:\/\/www.cdlpv.org\/dtl\/wp-json\/wp\/v2\/types\/post"}],"author":[{"embeddable":true,"href":"https:\/\/www.cdlpv.org\/dtl\/wp-json\/wp\/v2\/users\/2"}],"replies":[{"embeddable":true,"href":"https:\/\/www.cdlpv.org\/dtl\/wp-json\/wp\/v2\/comments?post=933"}],"version-history":[{"count":0,"href":"https:\/\/www.cdlpv.org\/dtl\/wp-json\/wp\/v2\/posts\/933\/revisions"}],"wp:attachment":[{"href":"https:\/\/www.cdlpv.org\/dtl\/wp-json\/wp\/v2\/media?parent=933"}],"wp:term":[{"taxonomy":"category","embeddable":true,"href":"https:\/\/www.cdlpv.org\/dtl\/wp-json\/wp\/v2\/categories?post=933"},{"taxonomy":"post_tag","embeddable":true,"href":"https:\/\/www.cdlpv.org\/dtl\/wp-json\/wp\/v2\/tags?post=933"}],"curies":[{"name":"wp","href":"https:\/\/api.w.org\/{rel}","templated":true}]}}