{"id":930,"date":"2009-03-23T12:45:14","date_gmt":"2009-03-23T11:45:14","guid":{"rendered":"http:\/\/www.cdlpv.org\/dtl\/?p=930"},"modified":"2009-03-23T12:45:14","modified_gmt":"2009-03-23T11:45:14","slug":"ajudes-a-la-traduccio-i-al-teatre-i-convocatoria-de-les-proves-de-la-jqcv","status":"publish","type":"post","link":"https:\/\/www.cdlpv.org\/dtl\/2009\/03\/23\/ajudes-a-la-traduccio-i-al-teatre-i-convocatoria-de-les-proves-de-la-jqcv\/","title":{"rendered":"Ajudes a la traducci\u00f3 i al teatre i convocat\u00f2ria de les proves de la JQCV"},"content":{"rendered":"<p>El <span class=\"versaleta\">cidaj<\/span> ens envia la informaci\u00f3 seg\u00fcent:<\/p>\n<blockquote>\n<ul>\n<li>Orde de 5 de mar\u00e7 de 2009, de la Conselleria d&#8217;Educaci\u00f3, per la qual es convoquen ajudes a la traducci\u00f3 i l&#8217;edici\u00f3 d&#8217;obres liter\u00e0ries al valenci\u00e0 i del valenci\u00e0 a altres idiomes per a 2009. [2009\/3090] (<span class=\"versaleta\"><em>docv<\/em><\/span> n\u00fam. 5.978, de 20.03.2009)<br \/>\n<a href=\"http:\/\/www.pre.gva.es\/L\/BASIS\/BDLGVPU\/WEB\/LEV_LISTADOS_TEXTO\/DDW?W=SIGNATURA_N=3239+AND+SIGNATURA_A=2009&#038;R=N\" target=\"_blank\">&#8211; vegeu text<\/a><\/p>\n<li>Orde de 5 de mar\u00e7 de 2009, de la Conselleria d&#8217;Educaci\u00f3, per la qual es convoquen ajudes econ\u00f2miques per a la promoci\u00f3 de l&#8217;\u00fas del valenci\u00e0 en les produccions teatrals a la Comunitat Valenciana per a 2009. [2009\/3091] (<span class=\"versaleta\"><em>docv<\/em><\/span> n\u00fam. 5.978, de 20.03.2009)<br \/>\n<a href=\"http:\/\/www.pre.gva.es\/L\/BASIS\/BDLGVPU\/WEB\/LEV_LISTADOS_TEXTO\/DDW?W=SIGNATURA_N=3240+AND+SIGNATURA_A=2009&#038;R=N\" target=\"_blank\">&#8211; vegeu text<\/a><\/p>\n<li>Resoluci\u00f3 de 10 de mar\u00e7 de 2009, de la Secretaria Auton\u00f2mica d&#8217;Educaci\u00f3, per la qual es convoquen les proves per a l&#8217;obtenci\u00f3 dels certificats oficials administratius de coneixements de valenci\u00e0 i es nomenen les comissions examinadores. [2009\/3043] (<span class=\"versaleta\"><em>docv<\/em><\/span> n\u00fam. 5.978, de 20.03.2009)<br \/>\n<a href=\"http:\/\/www.pre.gva.es\/L\/BASIS\/BDLGVPU\/WEB\/LEV_LISTADOS_TEXTO\/DDW?W=SIGNATURA_N=3245+AND+SIGNATURA_A=2009&#038;R=N\" target=\"_blank\">&#8211; vegeu text<\/a>\n<\/ul>\n<\/blockquote>\n","protected":false},"excerpt":{"rendered":"<p>El cidaj ens envia la informaci\u00f3 seg\u00fcent: Orde de 5 de mar\u00e7 de 2009, de la Conselleria d&#8217;Educaci\u00f3, per la qual es convoquen ajudes a la traducci\u00f3 i l&#8217;edici\u00f3 d&#8217;obres liter\u00e0ries al valenci\u00e0 i del valenci\u00e0 a altres idiomes per a 2009. [2009\/3090] (docv n\u00fam. 5.978, de 20.03.2009) &#8211; vegeu text Orde de 5 de [&hellip;]<\/p>\n","protected":false},"author":2,"featured_media":0,"comment_status":"open","ping_status":"open","sticky":false,"template":"","format":"standard","meta":{"footnotes":""},"categories":[1,13,47,28],"tags":[51,462,477],"class_list":["post-930","post","type-post","status-publish","format-standard","hentry","category-general","category-jqcv","category-planificacio","category-subvencions","tag-ajudes","tag-teatre","tag-traduccio"],"_links":{"self":[{"href":"https:\/\/www.cdlpv.org\/dtl\/wp-json\/wp\/v2\/posts\/930","targetHints":{"allow":["GET"]}}],"collection":[{"href":"https:\/\/www.cdlpv.org\/dtl\/wp-json\/wp\/v2\/posts"}],"about":[{"href":"https:\/\/www.cdlpv.org\/dtl\/wp-json\/wp\/v2\/types\/post"}],"author":[{"embeddable":true,"href":"https:\/\/www.cdlpv.org\/dtl\/wp-json\/wp\/v2\/users\/2"}],"replies":[{"embeddable":true,"href":"https:\/\/www.cdlpv.org\/dtl\/wp-json\/wp\/v2\/comments?post=930"}],"version-history":[{"count":0,"href":"https:\/\/www.cdlpv.org\/dtl\/wp-json\/wp\/v2\/posts\/930\/revisions"}],"wp:attachment":[{"href":"https:\/\/www.cdlpv.org\/dtl\/wp-json\/wp\/v2\/media?parent=930"}],"wp:term":[{"taxonomy":"category","embeddable":true,"href":"https:\/\/www.cdlpv.org\/dtl\/wp-json\/wp\/v2\/categories?post=930"},{"taxonomy":"post_tag","embeddable":true,"href":"https:\/\/www.cdlpv.org\/dtl\/wp-json\/wp\/v2\/tags?post=930"}],"curies":[{"name":"wp","href":"https:\/\/api.w.org\/{rel}","templated":true}]}}