{"id":93,"date":"2007-05-25T13:56:34","date_gmt":"2007-05-25T12:56:34","guid":{"rendered":"http:\/\/www.cdlpv.org\/dtl\/?p=93"},"modified":"2007-05-25T13:56:34","modified_gmt":"2007-05-25T12:56:34","slug":"propostes-de-gestio-linguistica-per-a-despres-de-les-eleccions","status":"publish","type":"post","link":"https:\/\/www.cdlpv.org\/dtl\/2007\/05\/25\/propostes-de-gestio-linguistica-per-a-despres-de-les-eleccions\/","title":{"rendered":"Propostes de gesti\u00f3 ling\u00fc\u00edstica per a despr\u00e9s de les eleccions"},"content":{"rendered":"<p>Reprodu\u00efm les propostes de la <a href=\"http:\/\/www.plataforma-llengua.cat\/noticies\/noticia.php?n=357\" target=\"_blank\">Plataforma per la Llengua<\/a>, perqu\u00e8 potser servixen per a inspirar treballs de planificaci\u00f3 ling\u00fc\u00edstica:<\/p>\n<blockquote><p>\n<strong>En general<\/strong><\/p>\n<p>1- Les Corts Valencianes legislaran les mesures necess\u00e0ries per refor\u00e7ar la unitat ling\u00fc\u00edstica, de manera que les denominacions valenci\u00e0 i catal\u00e0 siguen considerades com a sin\u00f2nims que designen una mateixa llengua.<br \/>\n2- El valenci\u00e0 ser\u00e0 la llengua vehicular i habitual de l\u2019administraci\u00f3 auton\u00f2mica, tant a nivell oral com escrit.<br \/>\n3- Es desenvolupar\u00e0 l\u2019Estatut al m\u00e0xim pel que fa al reconeixement i extensi\u00f3 de la llengua, i a la garantia dels drets ling\u00fc\u00edstics, i es faran les modificacions legislatives oportunes per aconseguir-ho.<br \/>\n4- Implantaci\u00f3 del requisit ling\u00fc\u00edstic per a tots els funcionaris de la Generalitat, diputacions i ajuntaments que hagen de mantenir relacions orals o escrites amb els administrats.<br \/>\n5- Garantia del ple acompliment de les disposicions ling\u00fc\u00edstiques a tot el territori valenci\u00e0.<br \/>\n6- El valenci\u00e0 ha d\u2019esdevenir llengua oficial a la Uni\u00f3 Europea a tots els efectes. Per assolir aquest objectiu cal l\u2019oficialitat del valenci\u00e0 a l\u2019estat i que s\u2019emprenguen totes les actuacions necess\u00e0ries des de les Corts i la Generalitat Valenciana.<br \/>\n7- Potenciaci\u00f3 de les oficines de garanties ling\u00fc\u00edstiques i informaci\u00f3 a la poblaci\u00f3 sobre els drets ling\u00fc\u00edstics.<\/p>\n<p><strong>\u00c0mbit socioecon\u00f2mic<\/strong><\/p>\n<p>8- Comprom\u00eds per tal que, durant la propera legislatura, totes les institucions p\u00fabliques valencianes, amb les seues corresponents concessions, consumisquen productes etiquetats en valenci\u00e0 per tal de fomentar la llengua pr\u00f2pia del pa\u00eds.<br \/>\n9- Voluntat d\u2019endegar pol\u00edtiques per tal que totes les instruccions dels productes farmac\u00e8utics estiguen tamb\u00e9 en valenci\u00e0 i que la versi\u00f3 en aquesta llengua tamb\u00e9 tinga validaci\u00f3 oficial.<br \/>\n10- Prop\u00f2sit d\u2019aconseguir que l\u2019etiquetatge com a m\u00ednim en valenci\u00e0 siga present en tots els productes distribu\u00efts en l\u2019\u00e0mbit territorial valenci\u00e0, independentment del lloc d\u2019elaboraci\u00f3 del producte.<br \/>\n11- Impuls de la publicitat com a m\u00ednim en valenci\u00e0 en tanques publicit\u00e0ries i fulletons de tota mena d\u2019empreses a l\u2019\u00e0mbit territorial valenci\u00e0.<br \/>\n12- Regulaci\u00f3 de la publicitat que siga emesa en mitjans de comunicaci\u00f3 de titolaritat p\u00fablica per a que ho siga en valenci\u00e0.<br \/>\n13- Garantia que tota comunicaci\u00f3 oral i escrita dirigida al p\u00fablic per part de les empreses concession\u00e0ries de serveis p\u00fablics que operen en terres valencianes siga com a m\u00ednim en valenci\u00e0.<br \/>\n14- Actuacions amb legislaci\u00f3 i garanties de compliment per a que tots els productes relacionats amb les noves tecnologies, com tel\u00e8fons m\u00f2bils i consoles, i tamb\u00e9 els operadors de telefonia, tinguen el valenci\u00e0 en les seves opcions.<br \/>\n15- Legislaci\u00f3 sobre tots els joguets distribu\u00efts en l\u2019\u00e0mbit valenci\u00e0, per a que tinguen les instruccions i titulars com a m\u00ednim en valenci\u00e0. En cas de joguets enraonadors, que incloguen tamb\u00e9 el valenci\u00e0.<\/p>\n<p><strong>Mitjans de comunicaci\u00f3<\/strong><\/p>\n<p>16- El valenci\u00e0 ser\u00e0 la llengua vehicular de les emissores p\u00fabliques de r\u00e0dio i televisi\u00f3, i seran doblades en aquesta llengua les s\u00e8ries i pel\u00b7l\u00edcules que ho estiguen en qualsevol altra.<br \/>\n17- Vetlla per l\u2019acompliment de les condicions ling\u00fc\u00edstiques m\u00ednimes establertes en les condicions de concessi\u00f3 de les TDT.<br \/>\n18- Contractaci\u00f3 de subscripcions o adjudicaci\u00f3 de subvencions nom\u00e9s a aquelles publicacions o premsa generalista que tinga almenys un 60 % escrit en valenci\u00e0. El mateix per a r\u00e0dio, televisi\u00f3, i mitjans digitals.<\/p>\n<p><strong>Cinema, audiovisual i altres expressions culturals<\/strong><\/p>\n<p>19- Actuacions per impulsar que progressivament les pel\u00b7l\u00edcules cinematogr\u00e0fiques doblades o subtitulades en una llengua diferent de l\u2019original, destinades a sales comercials s\u2019exhibisquen en valenci\u00e0 en condicions almenys d\u2019igualtat amb el castell\u00e0.<br \/>\n20- Est\u00edmul que de manera progressiva el valenci\u00e0 s\u2019equipare al castell\u00e0 en l\u2019exhibici\u00f3 cinematogr\u00e0fica i distribuci\u00f3 de DVD.<br \/>\n21- Incentius fiscals i subvencions per a l\u2019exhibici\u00f3 de cinema en valenci\u00e0, i per entrada venuda.<\/p>\n<p><strong>Ensenyament i m\u00f3n universitari<\/strong><\/p>\n<p>22- Acompliment de la legislaci\u00f3 actual sobre la llengua en l\u2019ensenyament i impuls de la pres\u00e8ncia del valenci\u00e0 en tots els nivells educatius, del maternal a l\u2019universitari; el valenci\u00e0 ha de ser per defecte la llengua normal de l\u2019ensenyament, sense necessitat de petici\u00f3 expresa.<br \/>\n23- Est\u00edmul de la pres\u00e8ncia del valenci\u00e0 a les diferents universitats valencianes, mitjan\u00e7ant acords i convenis.<br \/>\nIncentius per a les tesis i publicacions universit\u00e0ries en valenci\u00e0, i la seva valoraci\u00f3 en els curr\u00edculums a tots els efectes.<\/p>\n<p><strong>Acollida ling\u00fc\u00edstica<\/strong><\/p>\n<p>24- Definici\u00f3 de pol\u00edtiques coordinades entre els diferents departaments de la Generalitat, tenint en compte un enfocament com\u00fa quant als objectius, recursos necessaris i materials per tal d\u2019assegurar l\u2019aprenentatge del valenci\u00e0 a tots nivells entre la nova poblaci\u00f3.<br \/>\n25- Establiment de convenis amb les empreses per tal d\u2019oferir cursos de valenci\u00e0 per a immigrants al mateix lloc de treball.<br \/>\n26- Potenciaci\u00f3 i increment de campanyes p\u00fabliques per tal que la ciutadania s\u2019adrece en valenci\u00e0 a les persones nouvingudes.<br \/>\n27- Col\u00b7laboraci\u00f3 amb les diferents entitats d\u2019immigrants amb la finalitat d\u2019estimular l\u2019aprenentatge i \u00fas del valenci\u00e0.<\/p>\n<p><strong>Topon\u00edmia<\/strong><\/p>\n<p>28- Publicaci\u00f3 de la relaci\u00f3 topon\u00edmica aut\u00e8ntica de totes les poblacions valencianes, previs els informes t\u00e8cnics necessaris, i legalitzaci\u00f3 autom\u00e0tica d\u2019aquestes formes com a \u00faniques oficials.<br \/>\n29- Control que les formes declarades oficials siguen les \u00faniques utilitzades per totes les administracions i les empreses concession\u00e0ries.<br \/>\n30- Vigil\u00e0ncia que tota la topon\u00edmia a les carreteres, xarxa ferrovi\u00e0ria, ports i aeroports referida a altres comunitats de parla catalana, figure en valenci\u00e0.<\/p>\n<p><strong>Coordinaci\u00f3 amb la resta dels territoris de parla catalana<\/strong><\/p>\n<p>31- Coordinaci\u00f3 i establiment de pol\u00edtiques ling\u00fc\u00edstiques comunes amb els altres territoris de parla catalana.<br \/>\n32- Incorporaci\u00f3 de la Generalitat Valenciana a l&#8217;Institut Ramon Llull, com a instrument de projecci\u00f3 internacional de la llengua i la cultura catalanes.\n<\/p><\/blockquote>\n","protected":false},"excerpt":{"rendered":"<p>Reprodu\u00efm les propostes de la Plataforma per la Llengua, perqu\u00e8 potser servixen per a inspirar treballs de planificaci\u00f3 ling\u00fc\u00edstica: En general 1- Les Corts Valencianes legislaran les mesures necess\u00e0ries per refor\u00e7ar la unitat ling\u00fc\u00edstica, de manera que les denominacions valenci\u00e0 i catal\u00e0 siguen considerades com a sin\u00f2nims que designen una mateixa llengua. 2- El valenci\u00e0 [&hellip;]<\/p>\n","protected":false},"author":2,"featured_media":0,"comment_status":"open","ping_status":"open","sticky":false,"template":"","format":"standard","meta":{"footnotes":""},"categories":[1,47,19,24],"tags":[],"class_list":["post-93","post","type-post","status-publish","format-standard","hentry","category-general","category-planificacio","category-politica","category-requisit-linguistic"],"_links":{"self":[{"href":"https:\/\/www.cdlpv.org\/dtl\/wp-json\/wp\/v2\/posts\/93","targetHints":{"allow":["GET"]}}],"collection":[{"href":"https:\/\/www.cdlpv.org\/dtl\/wp-json\/wp\/v2\/posts"}],"about":[{"href":"https:\/\/www.cdlpv.org\/dtl\/wp-json\/wp\/v2\/types\/post"}],"author":[{"embeddable":true,"href":"https:\/\/www.cdlpv.org\/dtl\/wp-json\/wp\/v2\/users\/2"}],"replies":[{"embeddable":true,"href":"https:\/\/www.cdlpv.org\/dtl\/wp-json\/wp\/v2\/comments?post=93"}],"version-history":[{"count":0,"href":"https:\/\/www.cdlpv.org\/dtl\/wp-json\/wp\/v2\/posts\/93\/revisions"}],"wp:attachment":[{"href":"https:\/\/www.cdlpv.org\/dtl\/wp-json\/wp\/v2\/media?parent=93"}],"wp:term":[{"taxonomy":"category","embeddable":true,"href":"https:\/\/www.cdlpv.org\/dtl\/wp-json\/wp\/v2\/categories?post=93"},{"taxonomy":"post_tag","embeddable":true,"href":"https:\/\/www.cdlpv.org\/dtl\/wp-json\/wp\/v2\/tags?post=93"}],"curies":[{"name":"wp","href":"https:\/\/api.w.org\/{rel}","templated":true}]}}