{"id":928,"date":"2009-03-21T23:15:06","date_gmt":"2009-03-21T22:15:06","guid":{"rendered":"http:\/\/www.cdlpv.org\/dtl\/?p=928"},"modified":"2009-03-21T23:15:06","modified_gmt":"2009-03-21T22:15:06","slug":"primer-congres-de-serveis-linguistics","status":"publish","type":"post","link":"https:\/\/www.cdlpv.org\/dtl\/2009\/03\/21\/primer-congres-de-serveis-linguistics\/","title":{"rendered":"Primer congr\u00e9s de serveis ling\u00fc\u00edstics"},"content":{"rendered":"<p>Joan Vilarnau ens envia a trav\u00e9s d&#8217;InfoZ\u00e8fir la informaci\u00f3 seg\u00fcent:<\/p>\n<blockquote>\n<h2>Govern, ajuntament de Girona i altres institucions impulsen el primer Congr\u00e9s de Serveis Ling\u00fc\u00edstics de territoris de parla catalana<\/h2>\n<p>Generalitat de Catalunya, Ajuntament de Girona i altres institucions impulsaran el proper mes de juliol a Girona el primer Congr\u00e9s de Serveis Ling\u00fc\u00edstics de territoris de parla catalana, que vol ser un punt de trobada per posar en contacte els professionals implicats en el coneixement, \u00fas i difusi\u00f3 de la llengua catalana, detectar necessitats comunes i aprofitar sin\u00e8rgies. Aquest \u00e9s un congr\u00e9s \u00abnecessari\u00bb i \u00abpositiu\u00bb segons ha destacat el vicepresident del Govern qui ha assegurat que en el futur \u00abes far\u00e0 imprescindible\u00bb pels [per als] professionals del sector.<\/p>\n<p>El primer congr\u00e9s girar\u00e0 al voltant del multiling\u00fcisme i la seva relaci\u00f3 en la societat i les noves tecnologies de la informaci\u00f3. El vicepresident del Govern, Josep-Llu\u00eds Carod-Rovira, ha insistit que \u00absi abans la llengua catalana es trobava encotillada per les barreres territorials, avui es troba lliure i en expansi\u00f3\u00bb. El vicepresident ha encoratjat a aprofitar les noves tecnologies i ha destacat que \u00abhi ha noves vies de comunicaci\u00f3 que permeten organitzar-nos i ser m\u00e9s creatius\u00bb, que \u00abdemocratitzen l\u2019acc\u00e9s a la representaci\u00f3 i promoci\u00f3 de les cultures i les lleng\u00fces, no hegem\u00f2niques estatals, fins ara en desavantatge clar\u00bb.<\/p>\n<p>El primer Congr\u00e9s de serveis ling\u00fc\u00edstics de territoris de parla catalana se celebrar\u00e0 els propers 16 i 17 de juliol d\u2019aquest 2009 a Girona despr\u00e9s que aquest mati s\u2019hagi rubricat a la ciutat l\u2019acord de col\u00b7laboraci\u00f3 per fer-ho possible entre totes les institucions participants: Generalitat de Catalunya, Ajuntament de Girona, Consorci per a la Normalitzaci\u00f3 Ling\u00fc\u00edstica, Universitat de Girona, la Diputaci\u00f3 de Girona, el Govern d\u2019Andorra, l\u2019Institut Font Nova de la Vila de Perpiny\u00e0 i la <a href=\"http:\/\/www.vives.org\/\" target=\"_blank\">Xarxa Vives d\u2019Universitats<\/a>.<\/p>\n[&#8230;]\n<\/p><\/blockquote>\n<p>Font: <a href=\"http:\/\/www20.gencat.cat\/portal\/site\/SalaPremsa\/menuitem.342fe4355e0205d607d7ed42b0c0e1a0\/?vgnextoid=f60f88c0b0549010VgnVCM1000000b0c1e0aRCRD&#038;vgnextchannel=f60f88c0b0549010VgnVCM1000000b0c1e0aRCRD&#038;vgnextfmt=detall&#038;contentid=5e2ff274f7420210VgnVCM1000008d0c1e0aRCRD\" target=\"_blank\">Generalitat de Catalunya<\/a><\/p>\n<p>M\u00e9s dades: <a href=\"http:\/\/www.congresconvit.cat\/inici.php\" target=\"_blank\">Convit<\/a><\/p>\n","protected":false},"excerpt":{"rendered":"<p>Joan Vilarnau ens envia a trav\u00e9s d&#8217;InfoZ\u00e8fir la informaci\u00f3 seg\u00fcent: Govern, ajuntament de Girona i altres institucions impulsen el primer Congr\u00e9s de Serveis Ling\u00fc\u00edstics de territoris de parla catalana Generalitat de Catalunya, Ajuntament de Girona i altres institucions impulsaran el proper mes de juliol a Girona el primer Congr\u00e9s de Serveis Ling\u00fc\u00edstics de territoris de [&hellip;]<\/p>\n","protected":false},"author":2,"featured_media":0,"comment_status":"open","ping_status":"open","sticky":false,"template":"","format":"standard","meta":{"footnotes":""},"categories":[1,19,26],"tags":[113],"class_list":["post-928","post","type-post","status-publish","format-standard","hentry","category-general","category-politica","category-serveis-linguistics","tag-congressos"],"_links":{"self":[{"href":"https:\/\/www.cdlpv.org\/dtl\/wp-json\/wp\/v2\/posts\/928","targetHints":{"allow":["GET"]}}],"collection":[{"href":"https:\/\/www.cdlpv.org\/dtl\/wp-json\/wp\/v2\/posts"}],"about":[{"href":"https:\/\/www.cdlpv.org\/dtl\/wp-json\/wp\/v2\/types\/post"}],"author":[{"embeddable":true,"href":"https:\/\/www.cdlpv.org\/dtl\/wp-json\/wp\/v2\/users\/2"}],"replies":[{"embeddable":true,"href":"https:\/\/www.cdlpv.org\/dtl\/wp-json\/wp\/v2\/comments?post=928"}],"version-history":[{"count":0,"href":"https:\/\/www.cdlpv.org\/dtl\/wp-json\/wp\/v2\/posts\/928\/revisions"}],"wp:attachment":[{"href":"https:\/\/www.cdlpv.org\/dtl\/wp-json\/wp\/v2\/media?parent=928"}],"wp:term":[{"taxonomy":"category","embeddable":true,"href":"https:\/\/www.cdlpv.org\/dtl\/wp-json\/wp\/v2\/categories?post=928"},{"taxonomy":"post_tag","embeddable":true,"href":"https:\/\/www.cdlpv.org\/dtl\/wp-json\/wp\/v2\/tags?post=928"}],"curies":[{"name":"wp","href":"https:\/\/api.w.org\/{rel}","templated":true}]}}