{"id":917,"date":"2009-03-13T14:08:46","date_gmt":"2009-03-13T13:08:46","guid":{"rendered":"http:\/\/www.cdlpv.org\/dtl\/?p=917"},"modified":"2009-03-13T14:08:46","modified_gmt":"2009-03-13T13:08:46","slug":"el-cinema-en-catala-es-de-llei","status":"publish","type":"post","link":"https:\/\/www.cdlpv.org\/dtl\/2009\/03\/13\/el-cinema-en-catala-es-de-llei\/","title":{"rendered":"El cinema en catal\u00e0 \u00e9s de llei"},"content":{"rendered":"<p>Unes notes period\u00edstiques interessant de fa poc sobre el requisit ling\u00fc\u00edstica catal\u00e0 en el cinema:<\/p>\n<ul>\n<li>S\u00edlvia Barroso: \u00abNom\u00e9s un requisit\u00bb (<em>Avui<\/em>, <a href=\"\" target=\"_blank\">10.03.2009<\/a>)\n<li>Patr\u00edcia Gabancho: \u00abAnem al cinema\u00bb (Avui, <a href=\"http:\/\/www.avui.cat\/opinio\/detail.php?id=55885\" target=\"_blank\">12.03.2009<\/a>)\n<\/ul>\n<p>Des del Pa\u00eds Valenci\u00e0, per ara i com quasi sempre, en certa manera ho veiem com problemes dels rics, i els rics no som mosatros. Per\u00f2 tamb\u00e9 hi tenim en \u00abenviat especial\u00bb que se&#8217;n preocupa i d\u00f3na una opini\u00f3 favorable a la iniciativa, tot i que preveu que no traur\u00e0 res a carregador, que \u00e9s com acaba el seu article Enric S\u00f2ria (<em>Quadern, El Pa\u00eds<\/em>, 12.03.2009):<\/p>\n<blockquote><p>\nUna ofertat de meitat i meitat \u00e9s justa i el p\u00fablic la sostindria, per\u00f2 crec que no la veurem, pr\u00f2ximament, en aquestes pantalles\n<\/p><\/blockquote>\n<p>En el mateix diari (09.03.2009), debaten dos articles, <a href=\"http:\/\/www.elpais.com\/articulo\/cultura\/publico\/manda\/elpepicul\/20090309elpepicul_2\/Tes\" target=\"_blank\">un<\/a> d&#8217;Enrique Gonz\u00e1lez Macho i un <a href=\"http:\/\/www.elpais.com\/articulo\/cultura\/Derecho\/elegir\/elpepicul\/20090309elpepicul_4\/Tes\" target=\"_blank\">altre<\/a> de Luis de Val M\u00ednguez. El primer cont\u00e9 argments que no faria servir si hi haguera reflexionat des del punt de vista dels drets dels ciutadans i de l&#8217;inter\u00e9s p\u00fablic. Per\u00f2 un distribu\u00efdor de pel\u00b7l\u00edcules no t\u00e9 perqu\u00e8 parar-se en brosses si el negoci li funciona tal com est\u00e0. I millor que no comentem la seua apreciaci\u00f3 antropol\u00f2gica sobre la rapidesa o lentitud en l&#8217;adquisici\u00f3 d&#8217;h\u00e0bits.<\/p>\n<p>En canvi, el segon, productor de Media Films, troba ben fet que \u00abun document regule les regles del joc\u00bb i no veu cap problema per a l&#8217;exhibici\u00f3 en catal\u00e0, llevat que no haja estat fins ara una pr\u00e0ctica comuna. Si s&#8217;est\u00e9n, \u00abla clau est\u00e0 en analitzar com est\u00e0 formulada l&#8217;oferta i saber quina \u00e9s la demanda. La cooficialitat del catal\u00e0 i del castell\u00e0 est\u00e0 en els escoles i tamb\u00e9 en el carrer\u00bb.<\/p>\n","protected":false},"excerpt":{"rendered":"<p>Unes notes period\u00edstiques interessant de fa poc sobre el requisit ling\u00fc\u00edstica catal\u00e0 en el cinema: S\u00edlvia Barroso: \u00abNom\u00e9s un requisit\u00bb (Avui, 10.03.2009) Patr\u00edcia Gabancho: \u00abAnem al cinema\u00bb (Avui, 12.03.2009) Des del Pa\u00eds Valenci\u00e0, per ara i com quasi sempre, en certa manera ho veiem com problemes dels rics, i els rics no som mosatros. Per\u00f2 [&hellip;]<\/p>\n","protected":false},"author":2,"featured_media":0,"comment_status":"open","ping_status":"open","sticky":false,"template":"","format":"standard","meta":{"footnotes":""},"categories":[42,4,1,47,19,24],"tags":[],"class_list":["post-917","post","type-post","status-publish","format-standard","hentry","category-cinema-comunicacio","category-dret","category-general","category-planificacio","category-politica","category-requisit-linguistic"],"_links":{"self":[{"href":"https:\/\/www.cdlpv.org\/dtl\/wp-json\/wp\/v2\/posts\/917","targetHints":{"allow":["GET"]}}],"collection":[{"href":"https:\/\/www.cdlpv.org\/dtl\/wp-json\/wp\/v2\/posts"}],"about":[{"href":"https:\/\/www.cdlpv.org\/dtl\/wp-json\/wp\/v2\/types\/post"}],"author":[{"embeddable":true,"href":"https:\/\/www.cdlpv.org\/dtl\/wp-json\/wp\/v2\/users\/2"}],"replies":[{"embeddable":true,"href":"https:\/\/www.cdlpv.org\/dtl\/wp-json\/wp\/v2\/comments?post=917"}],"version-history":[{"count":0,"href":"https:\/\/www.cdlpv.org\/dtl\/wp-json\/wp\/v2\/posts\/917\/revisions"}],"wp:attachment":[{"href":"https:\/\/www.cdlpv.org\/dtl\/wp-json\/wp\/v2\/media?parent=917"}],"wp:term":[{"taxonomy":"category","embeddable":true,"href":"https:\/\/www.cdlpv.org\/dtl\/wp-json\/wp\/v2\/categories?post=917"},{"taxonomy":"post_tag","embeddable":true,"href":"https:\/\/www.cdlpv.org\/dtl\/wp-json\/wp\/v2\/tags?post=917"}],"curies":[{"name":"wp","href":"https:\/\/api.w.org\/{rel}","templated":true}]}}