{"id":915,"date":"2009-03-11T09:44:12","date_gmt":"2009-03-11T08:44:12","guid":{"rendered":"http:\/\/www.cdlpv.org\/dtl\/?p=915"},"modified":"2009-03-11T09:44:12","modified_gmt":"2009-03-11T08:44:12","slug":"jornada-sociolinguistica-dalcoi-2009","status":"publish","type":"post","link":"https:\/\/www.cdlpv.org\/dtl\/2009\/03\/11\/jornada-sociolinguistica-dalcoi-2009\/","title":{"rendered":"Jornada Socioling\u00fc\u00edstica d&#8217;Alcoi 2009"},"content":{"rendered":"<p>Josep Cort\u00e9s  i Roig ens envia a trav\u00e9s de la llista Valenci\u00e0 (UPV) la informaci\u00f3 seg\u00fcent:<\/p>\n<blockquote>\n<h2>Jornada de Socioling\u00fc\u00edstica d&#8217;Alcoi 2009<\/h2>\n<p>Dissabte, 4 d&#8217;abril de 2009<br \/>\nUniversitat Polit\u00e8cnica de Val\u00e8ncia. Campus d&#8217;Alcoi<\/p>\n<h3>La transmissi\u00f3 intergeneracional del valenci\u00e0<br \/>\nLa integraci\u00f3 ling\u00fc\u00edstica de la immigraci\u00f3<\/h3>\n<p><b>Objectiu<\/b><br \/>\nAnalitzar dos aspectes clau de la llengua: la transmissi\u00f3 intergeneracional del valenci\u00e0 i la integraci\u00f3 ling\u00fc\u00edstica de la immigraci\u00f3.<\/p>\n<p><b>Programa<\/b><br \/>\n9.00 &#8211; 9.30 h Recepci\u00f3 i lliurament de la documentaci\u00f3<br \/>\n9.30 &#8211; 9.45 h Inauguraci\u00f3 a c\u00e0rrec de Joan Peir\u00f3, vicerector de Cultura de la Universitat Polit\u00e8cnica de Val\u00e8ncia<\/p>\n<p><b>I. La transmissi\u00f3 intergeneracional del valenci\u00e0<\/b><\/p>\n<p>9.45 &#8211; 10.25 h \u00abLa transmissi\u00f3 familiar del valenci\u00e0\u00bb, Brauli Montoya, Institut d&#8217;Estudis Catalans i Universitat d&#8217;Alacant. Presenta: Ver\u00f2nica Cant\u00f3, Acad\u00e8mia Valenciana de la Llengua<br \/>\n10.25 &#8211; 11.45 h Taula redona: \u00abLa transmissi\u00f3 intergeneracional i la revernacularitzaci\u00f3 de la llengua\u00bb<br \/>\n&#8211; \u00abLa transmissi\u00f3 intergeneracional a Catalunya\u00bb, Ernest Querol, Universitat Oberta de Catalunya<br \/>\n&#8211; \u00abLa transmissi\u00f3 intergeneracional a les Illes Balears\u00bb, Joan-Albert Villaverde, Universitat de les Illes Balears<br \/>\n&#8211; \u00abEl proc\u00e9s de revernacularitzaci\u00f3 del valenci\u00e0\u00bb, Rafael Castell\u00f3, Universitat de Val\u00e8ncia<br \/>\nModera: Sandra Obiol, Centre Ovidi Montllor<\/p>\n<p>11.45 &#8211; 12.15 h Pausa i caf\u00e8<\/p>\n<p><b>II. La integraci\u00f3 ling\u00fc\u00edstica de la immigraci\u00f3<\/b><\/p>\n<p>12.15 &#8211; 12.55 h \u00abLa integraci\u00f3 ling\u00fc\u00edstica de la immigraci\u00f3\u00bb, Empar Morell\u00f3, observadora i investigadora de la integraci\u00f3 ling\u00fc\u00edstica dels nouvinguts. Presenta: Vicent Romans, Coordinadora de l&#8217;Alcoi\u00e0 i el Comtat pel Valenci\u00e0<br \/>\n12.55 &#8211; 14.30 h Taula redona: \u00abExperi\u00e8ncies d&#8217;integraci\u00f3 ling\u00fc\u00edstica\u00bb<br \/>\n&#8211; \u00abEl Voluntariat pel Valenci\u00e0\u00bb, Dariana Groza, Federaci\u00f3 Escola Valenciana<br \/>\n&#8211; \u00abExperi\u00e8ncies escolars d&#8217;acollida amb estudiants nouvinguts. El cas de Calp (la Marina Alta) i Catarroja (l&#8217;Horta)\u00bb, Jaume Fullana i Vicent Moreno<br \/>\n&#8211; \u00abL&#8217;acollida de l&#8217;alumnat nouvingut al sistema educatiu de Catalunya: una eina de cohesi\u00f3 social\u00bb, Pere Mayans, Generalitat de Catalunya<br \/>\nModera: Josep Cort\u00e9s, Universitat Polit\u00e8cnica de Val\u00e8ncia<\/p>\n<p>14.30 &#8211; 16.30 h Dinar a la cafeteria del Campus d&#8217;Alcoi<\/p>\n<p>16.30 &#8211; 17 h Presentaci\u00f3 del Llibre blanc de l&#8217;\u00fas del valenci\u00e0 &#8211; II. Iniciatives per al foment del valenci\u00e0, Honorat Ros, Acad\u00e8mia Valenciana de la Llengua. Presenta: Jordi Gisbert, Ajuntament d&#8217;Alcoi<\/p>\n<p>17 &#8211; 18.30 h Taller: \u00abQu\u00e8 transmetem quan parlem (o no) en valenci\u00e0?\u00bb, Ferran Suay, Universitat de Val\u00e8ncia. Presenta: Josep Miquel Molina, Universitat Polit\u00e8cnica de Val\u00e8ncia<\/p>\n<p>19 &#8211; 20 h Cloenda ludicoreflexiva: \u00abEspecial Pot de Plom\u00bb, per Xavi Castillo (al Teatre Principal d&#8217;Alcoi)<\/p>\n<p><b>Inscripci\u00f3<\/b><br \/>\n25 euros. Inclou: matr\u00edcula, documentaci\u00f3, dinar, certificat d&#8217;assist\u00e8ncia i entrada a l&#8217;espectacle Especial Pot de Plom, de Xavi Castillo, al Teatre Principal d&#8217;Alcoi.<\/p>\n<p><b>Lloc<\/b><br \/>\nUniversitat Polit\u00e8cnica de Val\u00e8ncia. Campus d&#8217;Alcoi<br \/>\nSala de graus Roberto Garc\u00eda Pay\u00e1. Edifici de Carbonell<br \/>\nPla\u00e7a de Ferr\u00e1ndiz i Carbonell &#8211; 03801 Alcoi<\/p>\n<p><b>Informaci\u00f3 i inscripci\u00f3<\/b><br \/>\nUniversitat Polit\u00e8cnica de Val\u00e8ncia. Campus d&#8217;Alcoi<br \/>\nTel.: 96 652 84 84<br \/>\nFax: 96 652 85 33<br \/>\nContacte: Iv\u00e1n Ferrando Guillem<br \/>\nA\/e: <a href=\"mailto:cfpalcoi@cfp.upv.es\" target=\"_blank\">cfpalcoi@cfp.upv.es<\/a><br \/>\nWeb: <a href=\"www.cfp.upv.es\" target=\"_blank\">www.cfp.upv.es<\/a><\/p>\n<p><b>Observacions<\/b><\/p>\n<p>&#8211; La inscripci\u00f3 es pot fer per mitj\u00e0 de la p\u00e0gina web www.cfp.upv.es o remetre-la per fax al 96 652 85 33.<br \/>\n&#8211; El Centre de Formaci\u00f3 Permanent de la UPV enviar\u00e0 a l&#8217;adre\u00e7a electr\u00f2nica de la persona interessada l&#8217;impr\u00e8s per a fer-ne el pagament.<br \/>\n&#8211; La fitxa d&#8217;inscripci\u00f3 haur\u00e0 d&#8217;anar signada per la persona interessada.<br \/>\n&#8211; El fet d&#8217;emplenar aquesta fitxa d&#8217;inscripci\u00f3 no confirma la l&#8217;acceptaci\u00f3 en la jornada.<br \/>\n&#8211; El pagament de la inscripci\u00f3 s&#8217;ha de fer, com a m\u00e0xim, tres dies abans de la Jornada. L&#8217;acceptaci\u00f3 del curs ser\u00e0 efectiva una vegada ingressades les taxes de la inscripci\u00f3.<br \/>\n&#8211; El Centre de Formaci\u00f3 Permanent expedir\u00e0 un certificat d&#8217;assist\u00e8ncia, si es compleix el 80&nbsp;% de les hores de la jornada. Per aix\u00f2, s&#8217;haur\u00e0 ha de signar en el full d&#8217;assist\u00e8ncia.<br \/>\n&#8211; En el cas de ren\u00fancia a la jornada una vegada fet el pagament, la devoluci\u00f3 de les taxes no es dur\u00e0 a terme si queden menys de tres dies h\u00e0bils per a la data de la jornada.<br \/>\n&#8211; El termini d&#8217;inscripci\u00f3 finalitza l&#8217;1 d&#8217;abril de 2009.<br \/>\n&#8211; Es podran obtenir cr\u00e8dits de lliure elecci\u00f3 a la UMH i a la UPV.<\/p>\n<p><b>Organitzen<\/b><br \/>\nUniversitat Polit\u00e8cnica de Val\u00e8ncia, Acad\u00e8mia Valenciana de la Llengua, Delegaci\u00f3 d&#8217;Alacant de l&#8217;Institut d&#8217;Estudis Catalans, Ajuntament d&#8217;Alcoi, Centre Ovidi Montllor i Coordinadora de l&#8217;Alcoi\u00e0 i el Comtat pel Valenci\u00e0<\/p>\n<p><b>Col\u00b7laboren<\/b><br \/>\nUniversitat de Val\u00e8ncia, Universitat d&#8217;Alacant, Universitat Jaume I i Universitat Miguel Hern\u00e1ndez d&#8217;Elx\n<\/p><\/blockquote>\n","protected":false},"excerpt":{"rendered":"<p>Josep Cort\u00e9s i Roig ens envia a trav\u00e9s de la llista Valenci\u00e0 (UPV) la informaci\u00f3 seg\u00fcent: Jornada de Socioling\u00fc\u00edstica d&#8217;Alcoi 2009 Dissabte, 4 d&#8217;abril de 2009 Universitat Polit\u00e8cnica de Val\u00e8ncia. Campus d&#8217;Alcoi La transmissi\u00f3 intergeneracional del valenci\u00e0 La integraci\u00f3 ling\u00fc\u00edstica de la immigraci\u00f3 Objectiu Analitzar dos aspectes clau de la llengua: la transmissi\u00f3 intergeneracional del [&hellip;]<\/p>\n","protected":false},"author":2,"featured_media":0,"comment_status":"open","ping_status":"open","sticky":false,"template":"","format":"standard","meta":{"footnotes":""},"categories":[38,10,1,46,27],"tags":[56,497],"class_list":["post-915","post","type-post","status-publish","format-standard","hentry","category-avl","category-formacio","category-general","category-iec","category-sociolinguistica","tag-alcoi","tag-universitat-politecnica-de-valencia"],"_links":{"self":[{"href":"https:\/\/www.cdlpv.org\/dtl\/wp-json\/wp\/v2\/posts\/915","targetHints":{"allow":["GET"]}}],"collection":[{"href":"https:\/\/www.cdlpv.org\/dtl\/wp-json\/wp\/v2\/posts"}],"about":[{"href":"https:\/\/www.cdlpv.org\/dtl\/wp-json\/wp\/v2\/types\/post"}],"author":[{"embeddable":true,"href":"https:\/\/www.cdlpv.org\/dtl\/wp-json\/wp\/v2\/users\/2"}],"replies":[{"embeddable":true,"href":"https:\/\/www.cdlpv.org\/dtl\/wp-json\/wp\/v2\/comments?post=915"}],"version-history":[{"count":0,"href":"https:\/\/www.cdlpv.org\/dtl\/wp-json\/wp\/v2\/posts\/915\/revisions"}],"wp:attachment":[{"href":"https:\/\/www.cdlpv.org\/dtl\/wp-json\/wp\/v2\/media?parent=915"}],"wp:term":[{"taxonomy":"category","embeddable":true,"href":"https:\/\/www.cdlpv.org\/dtl\/wp-json\/wp\/v2\/categories?post=915"},{"taxonomy":"post_tag","embeddable":true,"href":"https:\/\/www.cdlpv.org\/dtl\/wp-json\/wp\/v2\/tags?post=915"}],"curies":[{"name":"wp","href":"https:\/\/api.w.org\/{rel}","templated":true}]}}