{"id":911,"date":"2009-03-07T20:09:06","date_gmt":"2009-03-07T19:09:06","guid":{"rendered":"http:\/\/www.cdlpv.org\/dtl\/?p=911"},"modified":"2009-03-07T20:09:06","modified_gmt":"2009-03-07T19:09:06","slug":"contraplanificacio-5-favide-i-la-conselleria-de-justicia-i-administracions-publiques-gv","status":"publish","type":"post","link":"https:\/\/www.cdlpv.org\/dtl\/2009\/03\/07\/contraplanificacio-5-favide-i-la-conselleria-de-justicia-i-administracions-publiques-gv\/","title":{"rendered":"Contraplanificaci\u00f3 \/ 5:  Favide i la Conselleria de Just\u00edcia i Administracions P\u00fabliques (GV)"},"content":{"rendered":"<p>Per no perdre punt, i despr\u00e9s de la mala passada que m&#8217;ha fet el s\u00edndic de greuges i que explicar\u00e9 en un altre moment, toca replicar a l&#8217;escrit de la cap de gabinet de la consellera de Just\u00edcia i Administracions P\u00fabliques:<\/p>\n<blockquote><p>Ref. queixa n\u00fam. 090161<br \/>\nLa directora del gabinet de la consellera de Just\u00edcia i Administracions P\u00fabliques, Carmen Escolano del Real, respon en castell\u00e0-espanyol a un escrit que supose que seguix el procediment marcat per la Llei 30\/1992, per la qual cosa el s\u00edndic de greuges el deu seguir en valenci\u00e0-catal\u00e0, tal com el vaig iniciar amb la meua queixa. Per tant, si aix\u00f2 \u00e9s com dic, la directora del gabinet est\u00e0 infringint la regulaci\u00f3 ling\u00fc\u00edstica marcada per la llei.<\/p>\n<p>En segon lloc, davant l&#8217;argument que \u00aben breve finalizar\u00e1 el proceso de elaboraci\u00f3n\u00bb, tal com ja hem assenyalat en alguna ocasi\u00f3 anterior (queixes 080042 i 022124), la legislaci\u00f3 ling\u00fc\u00edstica vigent no establix \u00abperiodes de discriminaci\u00f3 ling\u00fc\u00edstica transit\u00f2ria\u00bb &#8211;per anomenar-los d&#8217;alguna manera&#8211;, sin\u00f3 que, ben al contrari, establix la prohibici\u00f3 de cap discriminaci\u00f3 ling\u00fc\u00edstica.<\/p>\n<p>Al cap de vint i cinc anys de l&#8217;aprovaci\u00f3 de la Llei 4\/1983, qualsevol administraci\u00f3 p\u00fablica hauria de complir no ja des de l&#8217;inici, sin\u00f3 des de la mateixa concepci\u00f3, el que s&#8217;establix en la legislaci\u00f3 ling\u00fc\u00edstica (en conson\u00e0ncia amb l&#8217;art. 14 de la Constituci\u00f3 espanyola i la Carta europea de les lleng\u00fces), ja que \u00e9s aixina com hauria de funcionar l&#8217;administraci\u00f3 p\u00fablica, amb procediments i protocols d&#8217;actuaci\u00f3 que guien l&#8217;actuaci\u00f3 administrativa cap al compliment dels seus deures.<\/p>\n<p>En paraules del s\u00edndic de greuges (ref. queixa 022124), \u00abel que ha d&#8217;orientar a tots els poders p\u00fablics auton\u00f2mics i locals \u00e9s salvaguardar la llibertat d&#8217;opci\u00f3 ling\u00fc\u00edstica i impulsar l&#8217;\u00fas del valenci\u00e0 en totes les esferes de la nostra societat i especialment en l&#8217;administraci\u00f3 p\u00fablica, i adaptar, sense cap dilaci\u00f3, les seues estructures al r\u00e8gim de cooficialitat ling\u00fc\u00edstica instaurat en la nostra comunitat aut\u00f2noma\u00bb.<\/p><\/blockquote>\n","protected":false},"excerpt":{"rendered":"<p>Per no perdre punt, i despr\u00e9s de la mala passada que m&#8217;ha fet el s\u00edndic de greuges i que explicar\u00e9 en un altre moment, toca replicar a l&#8217;escrit de la cap de gabinet de la consellera de Just\u00edcia i Administracions P\u00fabliques: Ref. queixa n\u00fam. 090161 La directora del gabinet de la consellera de Just\u00edcia i [&hellip;]<\/p>\n","protected":false},"author":2,"featured_media":0,"comment_status":"open","ping_status":"open","sticky":false,"template":"","format":"standard","meta":{"footnotes":""},"categories":[4,1,47,24],"tags":[119,224],"class_list":["post-911","post","type-post","status-publish","format-standard","hentry","category-dret","category-general","category-planificacio","category-requisit-linguistic","tag-contraplanificacio","tag-generalitat-valenciana"],"_links":{"self":[{"href":"https:\/\/www.cdlpv.org\/dtl\/wp-json\/wp\/v2\/posts\/911","targetHints":{"allow":["GET"]}}],"collection":[{"href":"https:\/\/www.cdlpv.org\/dtl\/wp-json\/wp\/v2\/posts"}],"about":[{"href":"https:\/\/www.cdlpv.org\/dtl\/wp-json\/wp\/v2\/types\/post"}],"author":[{"embeddable":true,"href":"https:\/\/www.cdlpv.org\/dtl\/wp-json\/wp\/v2\/users\/2"}],"replies":[{"embeddable":true,"href":"https:\/\/www.cdlpv.org\/dtl\/wp-json\/wp\/v2\/comments?post=911"}],"version-history":[{"count":0,"href":"https:\/\/www.cdlpv.org\/dtl\/wp-json\/wp\/v2\/posts\/911\/revisions"}],"wp:attachment":[{"href":"https:\/\/www.cdlpv.org\/dtl\/wp-json\/wp\/v2\/media?parent=911"}],"wp:term":[{"taxonomy":"category","embeddable":true,"href":"https:\/\/www.cdlpv.org\/dtl\/wp-json\/wp\/v2\/categories?post=911"},{"taxonomy":"post_tag","embeddable":true,"href":"https:\/\/www.cdlpv.org\/dtl\/wp-json\/wp\/v2\/tags?post=911"}],"curies":[{"name":"wp","href":"https:\/\/api.w.org\/{rel}","templated":true}]}}