{"id":91,"date":"2007-05-24T10:56:46","date_gmt":"2007-05-24T09:56:46","guid":{"rendered":"http:\/\/www.cdlpv.org\/dtl\/?p=91"},"modified":"2007-05-24T10:56:46","modified_gmt":"2007-05-24T09:56:46","slug":"eleccio-de-destinacio-dels-tmpl-3504-i-3604","status":"publish","type":"post","link":"https:\/\/www.cdlpv.org\/dtl\/2007\/05\/24\/eleccio-de-destinacio-dels-tmpl-3504-i-3604\/","title":{"rendered":"Elecci\u00f3 de destinaci\u00f3 dels TMPL (35\/04 i 36\/04)"},"content":{"rendered":"<p>Doncs, la cosa no s&#8217;ha allargat tant com ens pod\u00edem t\u00e9mer arran de la <a href=\"http:\/\/www.cdlpv.org\/dtl\/?p=81\" target=\"_blank\">resoluci\u00f3<\/a> de 26 de mar\u00e7 del 2007 que allargava els terminis. El DOCV de hui (n\u00fam. 5 519, 24.05.2007 dj.) publica la resoluci\u00f3 seg\u00fcent:<\/p>\n<blockquote>\n<p align=\"right\"><a href=\"https:\/\/www.docv.gva.es\/portal\/portal\/2007\/05\/24\/pdf\/2007_6509.pdf\" target=\"_blank\">[PDF]<\/a><\/p>\n<p><strong>Conselleria de Just\u00edcia, Interior i Administracions P\u00fabliques<\/strong><br \/>\nRESOLUCI\u00d3 de 17 de maig de 2007, de la Direcci\u00f3 General d\u2019Administraci\u00f3 Auton\u00f2mica, per la qual es convoquen els aspirants que han superat les proves selectives d\u2019acc\u00e9s al grup B, sector administraci\u00f3 especial, t\u00e8cnic mitj\u00e0 de promoci\u00f3 ling\u00fc\u00edstica, convocat\u00f2ries 35\/2004 i 36\/2004, per a elecci\u00f3 de destinaci\u00f3. [2007\/6509]\n<p>Per sengles resolucions de 30 d\u2019octubre de 2006, del conseller de Just\u00edcia, Interior i Administracions P\u00fabliques (DOGV n\u00fam. 5.384, de 9 de novembre de 2006), es publica la relaci\u00f3 d\u2019aspirants que han superat les proves selectives d\u2019acc\u00e9s al grup B, sector administraci\u00f3 especial, t\u00e8cnic mitj\u00e0 de promoci\u00f3 ling\u00fc\u00edstica, pels torns d\u2019acc\u00e9s lliure, Convocat\u00f2ria 35\/2004, i discapacitats, Convocat\u00f2ria 36\/2004. Fent \u00fas de les compet\u00e8ncies que tinc atribu\u00efdes, en virtut del que disposa l\u2019article 18 del Decret 153\/2005, de 28 d\u2019octubre, del Consell de la Generalitat, pel qual s\u2019aprova el Reglament Org\u00e0nic i Funcional de la conselleria de Just\u00edcia, Interior i Administracions P\u00fabliques, resolc:<\/p>\n<p>Primer<br \/>\nConvocar el personal relacionat en l\u2019annex de la present Resoluci\u00f3, per a l\u2019elecci\u00f3 de destinaci\u00f3, en acte obligatori, presencial i \u00fanic, el dia 5 de juny de 2007, a les 10.00 hores, a la Sala de Juntes de la conselleria de Just\u00edcia, Interior i Administracions P\u00fabliques, carrer Miquelet, 5-entres\u00f2l, de Val\u00e8ncia (CP 46001).<\/p>\n<p>Segon<br \/>\nD\u2019acord amb el que disposa l\u2019article 9.1 de la Llei de la Funci\u00f3 P\u00fablica Valenciana, l\u2019elecci\u00f3 de destinaci\u00f3 s\u2019efectuar\u00e0 per orde de major a menor puntuaci\u00f3 obtinguda en la superaci\u00f3 de les proves selectives.<\/p>\n<p>Tercer<br \/>\nEn la resoluci\u00f3 per la qual s\u2019adjudiquen destinacions, com a conseq\u00fc\u00e8ncia del present proc\u00e9s, s\u2019indicar\u00e0 la data de les preses de possessi\u00f3 i cessament que se\u2019n deriven.<\/p>\n<p>Quart<br \/>\nLa present Resoluci\u00f3 posa fi a la via administrativa. D\u2019acord amb els articles 116 i 117 de la Llei 30\/1992, de 26 de novembre, de R\u00e8gim Jur\u00eddic de les Administracions P\u00fabliques i del Procediment Administratiu Com\u00fa, i tamb\u00e9 amb els articles 8, 14.2 i 46 de la Llei 29\/1998, de 13 de juliol, Reguladora de la Jurisdicci\u00f3 Contenciosa Administrativa, les persones interessades poden interposar recurs de reposici\u00f3, amb car\u00e0cter potestatiu, davant de l\u2019\u00f2rgan que l\u2019ha dictada, en el termini d\u2019un mes, comptador des de l\u2019endem\u00e0 de la seua publicaci\u00f3.<\/p>\n<p>Alternativament, si no es recorre en reposici\u00f3, pot interposar-se recurs contenci\u00f3s administratiu davant del Jutjat Contenci\u00f3s Administratiu de la ciutat de Val\u00e8ncia, en el termini de dos mesos, comptadors des de l\u2019endem\u00e0 de la publicaci\u00f3 de la present Resoluci\u00f3.<\/p>\n<p>Val\u00e8ncia, 17 de maig de 2007.<\/p>\n<p>El director general d\u2019Administraci\u00f3 Auton\u00f2mica:<br \/>\nMiguel Antonio Crespo Marzal.<\/p>\n<table align=center border=0 cellspacing=2 cellpadding=3>\n<tr>\n<td colspan=\"3\"><center>ANNEX<\/center><\/td>\n<\/tr>\n<tr>\n<th colspan=\"3\">Convocat\u00f2ries 35\/2004 Torn Lliure i 36\/2004 Discapacitats<\/th>\n<\/tr>\n<tr>\n<td>DNI<\/td>\n<td>Cognoms i nom<\/td>\n<td>Nota final<\/td>\n<\/tr>\n<tr>\n<td>29186110<\/td>\n<td>COMECHE PALANQUES RAFAEL ANTONI<\/td>\n<td>86,20<\/td>\n<\/tr>\n<tr>\n<td>52780231<\/td>\n<td>SELLES LLORET JAUME<\/td>\n<td>82,20<\/td>\n<\/tr>\n<tr>\n<td>21427859<\/td>\n<td>LLOPIS PASTOR LLUIS<\/td>\n<td>80,40<\/td>\n<\/tr>\n<tr>\n<td>20002116<\/td>\n<td>BORONAT COGOLLOS MIQUEL<\/td>\n<td>78,20<\/td>\n<\/tr>\n<tr>\n<td>20402368<\/td>\n<td>MOMPO VIDAL CARME<\/td>\n<td>77,60<\/td>\n<\/tr>\n<tr>\n<td>21408734 <\/td>\n<td>SAVAL GUARDIOLA ISABEL<\/td>\n<td>76,40<\/td>\n<\/tr>\n<tr>\n<td>22529846 <\/td>\n<td>SALVADOR ALAMAR EMPAR<\/td>\n<td>74,55<\/td>\n<\/tr>\n<tr>\n<td>19091359 <\/td>\n<td>SAHUQUILLO AGUSTI MARINA<\/td>\n<td>73,90<\/td>\n<\/tr>\n<tr>\n<td>18909142 <\/td>\n<td>PESUDO CANTAVELLA NATIVITAT<\/td>\n<td>73,80<\/td>\n<\/tr>\n<tr>\n<td>25379494 <\/td>\n<td>NAVARRO CAMPOS AURORA<\/td>\n<td>71,30<\/td>\n<\/tr>\n<tr>\n<td>19978503 <\/td>\n<td>FAYOS CAMARENA ANTONI<\/td>\n<td>70,75<\/td>\n<\/tr>\n<tr>\n<td>24343809 <\/td>\n<td>SAEZ ARANDA EMILI JOSEP<\/td>\n<td>70,45<\/td>\n<\/tr>\n<tr>\n<td>19892032 <\/td>\n<td>CARABAL SOBRINO MARIA<\/td>\n<td>70,00<\/td>\n<\/tr>\n<tr>\n<td>19463924 <\/td>\n<td>VENDRELL ALBENTOSA M. ASUNCION<\/td>\n<td>69,50<\/td>\n<\/tr>\n<tr>\n<td>40912249 <\/td>\n<td>QUEROL ANGLES AURELI<\/td>\n<td>69,35<\/td>\n<\/tr>\n<tr>\n<td>29169740 <\/td>\n<td>PARDINES LOPEZ SUSANA<\/td>\n<td>68,80<\/td>\n<\/tr>\n<tr>\n<td>20823785 <\/td>\n<td>SELVA ARANDA M. LEONOR<\/td>\n<td>64,45<\/td>\n<\/tr>\n<tr>\n<td>73772515 <\/td>\n<td>PEIG GOMEZ ANNA EVA<\/td>\n<td>59,95<\/td>\n<\/tr>\n<tr>\n<td>18977010 <\/td>\n<td>MARTINEZ BERNAT ANTONI<\/td>\n<td>58,85<\/td>\n<\/tr>\n<tr>\n<td>44795821 <\/td>\n<td>RUBIO FENOLLOSA ADELINA<\/td>\n<td>55,70<\/td>\n<\/tr>\n<tr>\n<td>73537029 <\/td>\n<td>MARTINEZ BLANCH JOSEFA<\/td>\n<td>55,45<\/td>\n<\/tr>\n<tr>\n<td>18978437 <\/td>\n<td>RABASA SANCHIS SALVADOR<\/td>\n<td>54,90<\/td>\n<\/tr>\n<tr>\n<td>33475574 <\/td>\n<td>GIMENEZ CAMPOS M. ANGELES<\/td>\n<td>53,25<\/td>\n<\/tr>\n<tr>\n<td>24368438 <\/td>\n<td>ESPUIG NAVARRO BEATRIU<\/td>\n<td>37,75<\/td>\n<\/tr>\n<\/table>\n<\/blockquote>\n","protected":false},"excerpt":{"rendered":"<p>Doncs, la cosa no s&#8217;ha allargat tant com ens pod\u00edem t\u00e9mer arran de la resoluci\u00f3 de 26 de mar\u00e7 del 2007 que allargava els terminis. El DOCV de hui (n\u00fam. 5 519, 24.05.2007 dj.) publica la resoluci\u00f3 seg\u00fcent: [PDF] Conselleria de Just\u00edcia, Interior i Administracions P\u00fabliques RESOLUCI\u00d3 de 17 de maig de 2007, de la [&hellip;]<\/p>\n","protected":false},"author":2,"featured_media":0,"comment_status":"open","ping_status":"open","sticky":false,"template":"","format":"standard","meta":{"footnotes":""},"categories":[1,15,18],"tags":[],"class_list":["post-91","post","type-post","status-publish","format-standard","hentry","category-general","category-laboral","category-oposicions"],"_links":{"self":[{"href":"https:\/\/www.cdlpv.org\/dtl\/wp-json\/wp\/v2\/posts\/91","targetHints":{"allow":["GET"]}}],"collection":[{"href":"https:\/\/www.cdlpv.org\/dtl\/wp-json\/wp\/v2\/posts"}],"about":[{"href":"https:\/\/www.cdlpv.org\/dtl\/wp-json\/wp\/v2\/types\/post"}],"author":[{"embeddable":true,"href":"https:\/\/www.cdlpv.org\/dtl\/wp-json\/wp\/v2\/users\/2"}],"replies":[{"embeddable":true,"href":"https:\/\/www.cdlpv.org\/dtl\/wp-json\/wp\/v2\/comments?post=91"}],"version-history":[{"count":0,"href":"https:\/\/www.cdlpv.org\/dtl\/wp-json\/wp\/v2\/posts\/91\/revisions"}],"wp:attachment":[{"href":"https:\/\/www.cdlpv.org\/dtl\/wp-json\/wp\/v2\/media?parent=91"}],"wp:term":[{"taxonomy":"category","embeddable":true,"href":"https:\/\/www.cdlpv.org\/dtl\/wp-json\/wp\/v2\/categories?post=91"},{"taxonomy":"post_tag","embeddable":true,"href":"https:\/\/www.cdlpv.org\/dtl\/wp-json\/wp\/v2\/tags?post=91"}],"curies":[{"name":"wp","href":"https:\/\/api.w.org\/{rel}","templated":true}]}}