{"id":905,"date":"2009-03-04T11:38:13","date_gmt":"2009-03-04T10:38:13","guid":{"rendered":"http:\/\/www.cdlpv.org\/dtl\/?p=905"},"modified":"2019-08-19T09:23:41","modified_gmt":"2019-08-19T08:23:41","slug":"ajudes-a-ajuntaments-i-mancomunitats-de-municipis-2","status":"publish","type":"post","link":"https:\/\/www.cdlpv.org\/dtl\/2009\/03\/04\/ajudes-a-ajuntaments-i-mancomunitats-de-municipis-2\/","title":{"rendered":"Ajudes a ajuntaments i mancomunitats de municipis"},"content":{"rendered":"<p>El <span class=\"versaleta\">cidaj<\/span> ens fa arribar la informaci\u00f3 seg\u00fcent:<\/p>\n<blockquote><p>Orde de 18 de febrer de 2009, de la Conselleria d&#8217;Educaci\u00f3, per la qual es convoquen ajudes econ\u00f2miques destinades a ajuntaments i mancomunitats de municipis que realitzen activitats de promoci\u00f3 de l&#8217;\u00fas del valenci\u00e0 durant l&#8217;any 2009. [2009\/2253] (<span class=\"versaleta\"><em>docv<\/em><\/span> n\u00fam. 5.965, de 02.03.2009)<br \/>\n<a href=\"http:\/\/www.pre.gva.es\/L\/BASIS\/BDLGVPU\/WEB\/LEV_LISTADOS_TEXTO\/DDW?W=SIGNATURA_N=2488+AND+SIGNATURA_A=2009&amp;R=N\" target=\"_blank\" rel=\"noopener noreferrer\">&#8211; vegeu text<\/a><\/p><\/blockquote>\n<p>L&#8217;any passat van ser 460.000 euros; enguany en s\u00f3n 500.000. Algun dia es suposa que podrem comprovar si eixos diners s&#8217;apliquen de manera efectiva i eficient o simplement es repartixen per a fer el paperot. Les dades d&#8217;\u00fas del valenci\u00e0 indiquen que l&#8217;activitat es decanta cap a la segona possibilitat. Com ara el Consell de Cambres Oficials de Comer\u00e7, Ind\u00fastria i navegaci\u00f3 de la CV que s&#8217;emporta 100.000 euros de subvenci\u00f3. Alg\u00fa sabr\u00e0 qu\u00e8 fan, per\u00f2 en el web encara trobem algun apartat, <a href=\"http:\/\/www.camarascv.org\/valenciano\/actualidad\/actualidad.asp.htm\" target=\"_blank\" rel=\"noopener noreferrer\">\u00abActualitat\u00bb<\/a>, on indiquen:<\/p>\n<blockquote><p>Este apartat posa a disposici\u00f3 de cambres, institucions i empreses interessades les \u00f9ltimes not\u00edcies i una agenda amb aquells esdeveniments i activitats organitzades pel Consell de Cambres de la Comunitat Valenciana, cursos, fires, congressos, etc. <strong>Els continguts d&#8217;esta secci\u00f3 nom\u00e9s estan disponibles en castell\u00e0.<\/strong><\/p><\/blockquote>\n<p>Incomplixen la Llei 4\/1983 i damunt es veu que es pensen que si avisen ja no l&#8217;han de complir.<\/p>\n","protected":false},"excerpt":{"rendered":"<p>El cidaj ens fa arribar la informaci\u00f3 seg\u00fcent: Orde de 18 de febrer de 2009, de la Conselleria d&#8217;Educaci\u00f3, per la qual es convoquen ajudes econ\u00f2miques destinades a ajuntaments i mancomunitats de municipis que realitzen activitats de promoci\u00f3 de l&#8217;\u00fas del valenci\u00e0 durant l&#8217;any 2009. [2009\/2253] (docv n\u00fam. 5.965, de 02.03.2009) &#8211; vegeu text L&#8217;any [&hellip;]<\/p>\n","protected":false},"author":2,"featured_media":0,"comment_status":"open","ping_status":"open","sticky":false,"template":"","format":"standard","meta":{"footnotes":""},"categories":[28],"tags":[50,51,141],"class_list":["post-905","post","type-post","status-publish","format-standard","hentry","category-subvencions","tag-administracio-local","tag-ajudes","tag-despesa"],"_links":{"self":[{"href":"https:\/\/www.cdlpv.org\/dtl\/wp-json\/wp\/v2\/posts\/905","targetHints":{"allow":["GET"]}}],"collection":[{"href":"https:\/\/www.cdlpv.org\/dtl\/wp-json\/wp\/v2\/posts"}],"about":[{"href":"https:\/\/www.cdlpv.org\/dtl\/wp-json\/wp\/v2\/types\/post"}],"author":[{"embeddable":true,"href":"https:\/\/www.cdlpv.org\/dtl\/wp-json\/wp\/v2\/users\/2"}],"replies":[{"embeddable":true,"href":"https:\/\/www.cdlpv.org\/dtl\/wp-json\/wp\/v2\/comments?post=905"}],"version-history":[{"count":1,"href":"https:\/\/www.cdlpv.org\/dtl\/wp-json\/wp\/v2\/posts\/905\/revisions"}],"predecessor-version":[{"id":3583,"href":"https:\/\/www.cdlpv.org\/dtl\/wp-json\/wp\/v2\/posts\/905\/revisions\/3583"}],"wp:attachment":[{"href":"https:\/\/www.cdlpv.org\/dtl\/wp-json\/wp\/v2\/media?parent=905"}],"wp:term":[{"taxonomy":"category","embeddable":true,"href":"https:\/\/www.cdlpv.org\/dtl\/wp-json\/wp\/v2\/categories?post=905"},{"taxonomy":"post_tag","embeddable":true,"href":"https:\/\/www.cdlpv.org\/dtl\/wp-json\/wp\/v2\/tags?post=905"}],"curies":[{"name":"wp","href":"https:\/\/api.w.org\/{rel}","templated":true}]}}