{"id":9,"date":"2006-10-06T22:43:42","date_gmt":"2006-10-06T20:43:42","guid":{"rendered":"http:\/\/www.cdlpv.org\/dtl\/?p=9"},"modified":"2006-10-06T22:43:42","modified_gmt":"2006-10-06T20:43:42","slug":"teletreball","status":"publish","type":"post","link":"https:\/\/www.cdlpv.org\/dtl\/2006\/10\/06\/teletreball\/","title":{"rendered":"Teletreball"},"content":{"rendered":"<p>Vull felicitar, abans de res, el nostre col\u00b7lega Miquel Boronat per aquesta iniciativa period\u00edstica-ling\u00fc\u00edstica-reivindicativa-compromesa-moderna-innovadora, que arriba en un bon moment, com totes les seues iniciatives. <\/p>\n<p>Des de fa una temporada estic molt interessada en all\u00f2 que s&#8217;anomena teletreball, que cada vegada s&#8217;usa m\u00e9s arreu del m\u00f3n, i que en la nostra feina ens ve com l&#8217;anell al dit. Si fem una ullada a l&#8217;empresa privada, \u00e9s evident que aquesta nova modalitat laboral hi t\u00e9 una bona acollida. Els empresaris tenen molt present l&#8217;estalvi a l\u2019hora de fer n\u00fameros, i la pela \u00e9s la pela. <\/p>\n<p>Al nostre treball, a la Generalitat, els traductors i traductores realitzem una tasca di\u00e0ria que, per correu electr\u00f2nic, des de qualsevol punt del m\u00f3n, podr\u00edem resoldre feli\u00e7ment. No estic dient que fundem una col\u00f2nia de traductors a Zimbabwe i des d&#8217;all\u00ed enviem al DOGV les traduccions. Estic parlant d&#8217;una possible combinaci\u00f3 entre estalvi\/temps\/efic\u00e0cia\/practicitat\u2026, conceptes que deriven en un augment de la qualitat de vida, que \u00e9s del que es tracta, no? Els defensors de l&#8217;invent  estem conven\u00e7uts que \u00e9s una forma d&#8217;estalviar temps i diners, tant per a l&#8217;empresa com per al treballador. <\/p>\n<p>La SATSI (Secretaria Auton\u00f2mica de Telecomunicacions i Sistemes Inform\u00e0tics) de la Generalitat Valenciana, est\u00e0 treballant en un estudi d\u2019incorporaci\u00f3 del teletreball a la Generalitat Valenciana, i en un correu que m&#8217;enviaren abans de l\u2019estiu diuen:  <\/p>\n<blockquote>\n<p>\nEstamos en este momento trabajando en un estudio de incorporaci\u00f3n del teletrabajo a la Generalitat donde estamos analizando el tema desde el punto de vista de para qu\u00e9 puestos de trabajo son de aplicaci\u00f3n estas t\u00e9cnicas y sobretodo la problem\u00e1tica laboral que hay que vencer para su implantaci\u00f3n, ya que desde el punto de vista tecnol\u00f3gico la Generalitat dispone de herramientas suficientes para su implantaci\u00f3n. En concreto los objetivos de este estudio son los siguientes:<br \/>\n&#8211; Analizar, evaluar y proponer mejoras sobre los sistemas, herramientas y recursos existente dentro de la Generalitat que faciliten el teletrabajo.<br \/>\n&#8211; Identificar todos los aspectos organizacionales y las nuevas necesidades de equipamiento.<br \/>\n&#8211; Detectar apoyos y barreras y establecer mecanismos para superarlas consiguiendo que el cambio sea aceptado de forma normal.<br \/>\n&#8211; Conseguir la participaci\u00f3n, involucraci\u00f3n y compromiso de todos los beneficiados por el cambio.<\/p>\n<\/blockquote>\n<p>No sabem si aquesta idea prosperar\u00e0 per part de la SATSI, per\u00f2 el  que s\u00ed que sabem \u00e9s que si ens interessa el tema hem de currar-nos-el des de la base, com f\u00e9rem quan aconsegu\u00edrem la reclassificaci\u00f3 laboral.  <\/p>\n<p>Vull agrair l&#8217;inter\u00e9s del sindicat STAPV en aquesta iniciativa, at\u00e9s que han reflectit en la seua proposta de Decret 34\/1999, la idea esmentada: <\/p>\n<blockquote>\n<p>\nDisposici\u00f3  final segona. Aplicaci\u00f3 de noves tecnologies<br \/>\nEs faculta esta conselleria per a la realitzaci\u00f3 dels estudis i actuacions necess\u00e0ries per a l\u2019aplicaci\u00f3 de les t\u00e8cniques telem\u00e0tiques en l\u2019\u00e0mbit de gesti\u00f3 d\u2019este decret.\n<\/p>\n<\/blockquote>\n","protected":false},"excerpt":{"rendered":"<p>Vull felicitar, abans de res, el nostre col\u00b7lega Miquel Boronat per aquesta iniciativa period\u00edstica-ling\u00fc\u00edstica-reivindicativa-compromesa-moderna-innovadora, que arriba en un bon moment, com totes les seues iniciatives. Des de fa una temporada estic molt interessada en all\u00f2 que s&#8217;anomena teletreball, que cada vegada s&#8217;usa m\u00e9s arreu del m\u00f3n, i que en la nostra feina ens ve com [&hellip;]<\/p>\n","protected":false},"author":3,"featured_media":0,"comment_status":"open","ping_status":"open","sticky":false,"template":"","format":"standard","meta":{"footnotes":""},"categories":[1,15,19,29],"tags":[],"class_list":["post-9","post","type-post","status-publish","format-standard","hentry","category-general","category-laboral","category-politica","category-teletreball"],"_links":{"self":[{"href":"https:\/\/www.cdlpv.org\/dtl\/wp-json\/wp\/v2\/posts\/9","targetHints":{"allow":["GET"]}}],"collection":[{"href":"https:\/\/www.cdlpv.org\/dtl\/wp-json\/wp\/v2\/posts"}],"about":[{"href":"https:\/\/www.cdlpv.org\/dtl\/wp-json\/wp\/v2\/types\/post"}],"author":[{"embeddable":true,"href":"https:\/\/www.cdlpv.org\/dtl\/wp-json\/wp\/v2\/users\/3"}],"replies":[{"embeddable":true,"href":"https:\/\/www.cdlpv.org\/dtl\/wp-json\/wp\/v2\/comments?post=9"}],"version-history":[{"count":0,"href":"https:\/\/www.cdlpv.org\/dtl\/wp-json\/wp\/v2\/posts\/9\/revisions"}],"wp:attachment":[{"href":"https:\/\/www.cdlpv.org\/dtl\/wp-json\/wp\/v2\/media?parent=9"}],"wp:term":[{"taxonomy":"category","embeddable":true,"href":"https:\/\/www.cdlpv.org\/dtl\/wp-json\/wp\/v2\/categories?post=9"},{"taxonomy":"post_tag","embeddable":true,"href":"https:\/\/www.cdlpv.org\/dtl\/wp-json\/wp\/v2\/tags?post=9"}],"curies":[{"name":"wp","href":"https:\/\/api.w.org\/{rel}","templated":true}]}}