{"id":894,"date":"2009-03-02T09:52:09","date_gmt":"2009-03-02T08:52:09","guid":{"rendered":"http:\/\/www.cdlpv.org\/dtl\/?p=894"},"modified":"2009-03-02T09:52:09","modified_gmt":"2009-03-02T08:52:09","slug":"ajudes-de-la-generalitat-valenciana-per-a-les-associacions","status":"publish","type":"post","link":"https:\/\/www.cdlpv.org\/dtl\/2009\/03\/02\/ajudes-de-la-generalitat-valenciana-per-a-les-associacions\/","title":{"rendered":"Ajudes de la Generalitat valenciana per a les associacions"},"content":{"rendered":"<p>El <span class=\"versaleta\">cidaj<\/span> ens envia la informaci\u00f3 seg\u00fcent:<\/p>\n<blockquote><p>\nOrde d&#8217;11 de febrer de 2009, de la Conselleria d&#8217;Educaci\u00f3, per la qual es convoquen ajudes econ\u00f2miques per a les associacions c\u00edviques sense finalitat lucrativa per a la realitzaci\u00f3 d&#8217;activitats de promoci\u00f3 de l&#8217;\u00fas del valenci\u00e0 en 2009. [2009\/2180] (<span class=\"versaleta\"><em>docv<\/em><\/span> n\u00fam. 5.963, de 26.02.2009)<br \/>\n<a href=\"http:\/\/www.pre.gva.es\/L\/BASIS\/BDLGVPU\/WEB\/LEV_LISTADOS_TEXTO\/DDW?W=SIGNATURA_N=2341+AND+SIGNATURA_A=2009&#038;R=N\" target=\"_blank\">&#8211; vegeu text<\/a>\n<\/p><\/blockquote>\n","protected":false},"excerpt":{"rendered":"<p>El cidaj ens envia la informaci\u00f3 seg\u00fcent: Orde d&#8217;11 de febrer de 2009, de la Conselleria d&#8217;Educaci\u00f3, per la qual es convoquen ajudes econ\u00f2miques per a les associacions c\u00edviques sense finalitat lucrativa per a la realitzaci\u00f3 d&#8217;activitats de promoci\u00f3 de l&#8217;\u00fas del valenci\u00e0 en 2009. [2009\/2180] (docv n\u00fam. 5.963, de 26.02.2009) &#8211; vegeu text<\/p>\n","protected":false},"author":2,"featured_media":0,"comment_status":"open","ping_status":"open","sticky":false,"template":"","format":"standard","meta":{"footnotes":""},"categories":[1,47,28],"tags":[51,68],"class_list":["post-894","post","type-post","status-publish","format-standard","hentry","category-general","category-planificacio","category-subvencions","tag-ajudes","tag-associacions"],"_links":{"self":[{"href":"https:\/\/www.cdlpv.org\/dtl\/wp-json\/wp\/v2\/posts\/894","targetHints":{"allow":["GET"]}}],"collection":[{"href":"https:\/\/www.cdlpv.org\/dtl\/wp-json\/wp\/v2\/posts"}],"about":[{"href":"https:\/\/www.cdlpv.org\/dtl\/wp-json\/wp\/v2\/types\/post"}],"author":[{"embeddable":true,"href":"https:\/\/www.cdlpv.org\/dtl\/wp-json\/wp\/v2\/users\/2"}],"replies":[{"embeddable":true,"href":"https:\/\/www.cdlpv.org\/dtl\/wp-json\/wp\/v2\/comments?post=894"}],"version-history":[{"count":0,"href":"https:\/\/www.cdlpv.org\/dtl\/wp-json\/wp\/v2\/posts\/894\/revisions"}],"wp:attachment":[{"href":"https:\/\/www.cdlpv.org\/dtl\/wp-json\/wp\/v2\/media?parent=894"}],"wp:term":[{"taxonomy":"category","embeddable":true,"href":"https:\/\/www.cdlpv.org\/dtl\/wp-json\/wp\/v2\/categories?post=894"},{"taxonomy":"post_tag","embeddable":true,"href":"https:\/\/www.cdlpv.org\/dtl\/wp-json\/wp\/v2\/tags?post=894"}],"curies":[{"name":"wp","href":"https:\/\/api.w.org\/{rel}","templated":true}]}}