{"id":89,"date":"2007-05-18T12:56:40","date_gmt":"2007-05-18T11:56:40","guid":{"rendered":"http:\/\/www.cdlpv.org\/dtl\/?p=89"},"modified":"2007-05-18T12:56:40","modified_gmt":"2007-05-18T11:56:40","slug":"el-valencia-de-la-filologia-catalana","status":"publish","type":"post","link":"https:\/\/www.cdlpv.org\/dtl\/2007\/05\/18\/el-valencia-de-la-filologia-catalana\/","title":{"rendered":"El valenci\u00e0 de la filologia catalana"},"content":{"rendered":"<p>Hem pogut llegir en <a href=\"http:\/\/www.vilaweb.cat\/www\/ep\/noticia?noticia=2402132\" target=\"_blank\">Vilaweb<\/a>:<\/p>\n<blockquote>\n<p align=\"right\">Tamb\u00e9 ho ha fet <a href=\"http:\/\/www.vilaweb.cat\/www\/ep\/noticia?noticia=2402136\" target=\"_blank\">CC OO<\/a><\/p>\n<h2>STEPV recorre les oposicions docents &#8220;per no tindre en compte&#8221; la titulaci\u00f3 de Filologia Catalana<\/h2>\n<h5>VAL\u00c8NCIA, 17.05.2007 (EUROPA PRESS)<\/h5>\n<p>El Sindicat de Treballadors i de Treballadores de l&#8217;Ensenyament del Pa\u00eds Valenci\u00e0 (STEPV-Iv) ha recorregut els processos selectius per a l&#8217;acc\u00e9s a la funci\u00f3 p\u00fablica docent per als cossos de Mestres i professorat d&#8217;Educaci\u00f3 Secund\u00e0ria i Professorat T\u00e8cnic de Formaci\u00f3 Professional &#8220;per no tindre en compte&#8221; la titulaci\u00f3 de Filologia Catalana, segons han informat hui fonts sindicals en un comunicat. L&#8217;organitzaci\u00f3 ha anunciat a m\u00e9s que els seus servicis jur\u00eddics prepararan els recursos individuals de les persones afectades.<\/p>\n<p>Des d&#8217;STEPV han recordat que fa poc s&#8217;han convocat oposicions per als cossos de Mestres i professorat d&#8217;Educaci\u00f3 Secund\u00e0ria i Professorat T\u00e8cnic de Formaci\u00f3 Professional. En estes oposicions &#8220;no es t\u00e9 en compte entre les titulacions per a estar exempts la Filologia Catalana&#8221;. &#8220;Arran d&#8217;esta exclusi\u00f3 -han prosseguit-, STEPV ha recorregut totes les oposicions docents dels \u00faltims anys i el TSJCV ha decidit, reiteradament, a favor del sindicat per a incloure la titulaci\u00f3 de Filologia Catalana&#8221;.<\/p>\n<p>Per a l&#8217;entitat, esta titulaci\u00f3 &#8220;\u00e9s l&#8217;\u00fanica que hi ha de nivell superior per a l&#8217;acreditaci\u00f3 de coneixements de valenci\u00e0, segons la normativa estatal que regula el t\u00edtol de Filologia Catalana, i tamb\u00e9 la relativa a l&#8217;ordenaci\u00f3 de les \u00e0rees de coneixement, entre les quals \u00fanicament figura Filologia Catalana, que inclou al seu s\u00ed totes les mat\u00e8ries relatives a la Filologia Valenciana&#8221;.<\/p>\n<p>El sindicat ha denunciat que &#8220;ara, &#8220;una vegada m\u00e9s, la Conselleria d&#8217;Educaci\u00f3 reitera la seua posici\u00f3 clarament anticient\u00edfica i antiacad\u00e8mica de no acceptar la titulaci\u00f3 de Filologia Catalana per a acreditar els coneixements requerits&#8221;.<\/p>\n<p>Fins i tot, segons el col\u00b7lectiu, &#8220;ha rebutjat en Mesa Sectorial la proposta d&#8217;STEPV-Iv d&#8217;afegir, en les ordres de convocat\u00f2ria, a &#8216;Filologia Valenciana&#8217; l&#8217;expressi\u00f3 &#8216;i llicenciatures equivalents&#8217;, amb la qual cosa s&#8217;haguera complit amb la legalitat vigent, at\u00e9s que l&#8217;ordre del Ministeri d&#8217;Educaci\u00f3 i Cultura de 29-11-1995 homologa els t\u00edtols de Llicenciat en Filologia, secci\u00f3 Hisp\u00e0nica (Valenciana) i de Filosofia i Lletres, divisi\u00f3 Filologia (Filologia Valenciana), i els considera equivalents al t\u00edtol de Filologia Catalana, at\u00e9s que aquells primers havien desaparegut de l&#8217;ordenaci\u00f3 acad\u00e8mica de les universitats espanyoles&#8221;.<\/p>\n<p>Amb la posici\u00f3 que mant\u00e9 la Generalitat, \u00e9s &#8220;evident que rebutja l&#8217;ordenament jur\u00eddic al qual est\u00e0 sotmesa, i tamb\u00e9 les nombroses sent\u00e8ncies del TSJCV, del Tribunal Suprem i del Tribunal Constitucionals, \u00e9s a dir, no accepta les regles de joc de l&#8217;estat de dret que tant diu defensar&#8221;, han afirmat estes fonts, que han agregat que &#8220;incomprensiblement insistix en l&#8217;exist\u00e8ncia de titulacions no vigents de fa m\u00e9s de 10 anys i nega la validesa de la que les va substituir i l&#8217;equival\u00e8ncia reconeguda per les normes&#8221;.<\/p>\n<p>Per esta ra\u00f3, STEPV-Iv &#8220;es veu obligat, una vegada m\u00e9s, a impugnar estes \u00faltimes ordres en all\u00f2 relatiu a la validesa del t\u00edtol de Filologia Catalana per a acreditar els coneixements de valenci\u00e0&#8221;.\n<\/p><\/blockquote>\n","protected":false},"excerpt":{"rendered":"<p>Hem pogut llegir en Vilaweb: Tamb\u00e9 ho ha fet CC OO STEPV recorre les oposicions docents &#8220;per no tindre en compte&#8221; la titulaci\u00f3 de Filologia Catalana VAL\u00c8NCIA, 17.05.2007 (EUROPA PRESS) El Sindicat de Treballadors i de Treballadores de l&#8217;Ensenyament del Pa\u00eds Valenci\u00e0 (STEPV-Iv) ha recorregut els processos selectius per a l&#8217;acc\u00e9s a la funci\u00f3 p\u00fablica [&hellip;]<\/p>\n","protected":false},"author":2,"featured_media":0,"comment_status":"open","ping_status":"open","sticky":false,"template":"","format":"standard","meta":{"footnotes":""},"categories":[45,1,18,19,24],"tags":[],"class_list":["post-89","post","type-post","status-publish","format-standard","hentry","category-ensenyament","category-general","category-oposicions","category-politica","category-requisit-linguistic"],"_links":{"self":[{"href":"https:\/\/www.cdlpv.org\/dtl\/wp-json\/wp\/v2\/posts\/89","targetHints":{"allow":["GET"]}}],"collection":[{"href":"https:\/\/www.cdlpv.org\/dtl\/wp-json\/wp\/v2\/posts"}],"about":[{"href":"https:\/\/www.cdlpv.org\/dtl\/wp-json\/wp\/v2\/types\/post"}],"author":[{"embeddable":true,"href":"https:\/\/www.cdlpv.org\/dtl\/wp-json\/wp\/v2\/users\/2"}],"replies":[{"embeddable":true,"href":"https:\/\/www.cdlpv.org\/dtl\/wp-json\/wp\/v2\/comments?post=89"}],"version-history":[{"count":0,"href":"https:\/\/www.cdlpv.org\/dtl\/wp-json\/wp\/v2\/posts\/89\/revisions"}],"wp:attachment":[{"href":"https:\/\/www.cdlpv.org\/dtl\/wp-json\/wp\/v2\/media?parent=89"}],"wp:term":[{"taxonomy":"category","embeddable":true,"href":"https:\/\/www.cdlpv.org\/dtl\/wp-json\/wp\/v2\/categories?post=89"},{"taxonomy":"post_tag","embeddable":true,"href":"https:\/\/www.cdlpv.org\/dtl\/wp-json\/wp\/v2\/tags?post=89"}],"curies":[{"name":"wp","href":"https:\/\/api.w.org\/{rel}","templated":true}]}}