{"id":884,"date":"2009-02-27T15:15:34","date_gmt":"2009-02-27T14:15:34","guid":{"rendered":"http:\/\/www.cdlpv.org\/dtl\/?p=884"},"modified":"2009-02-27T15:15:34","modified_gmt":"2009-02-27T14:15:34","slug":"encarna-sant-celoni-recorda-carmelina-sanchez-cutillas","status":"publish","type":"post","link":"https:\/\/www.cdlpv.org\/dtl\/2009\/02\/27\/encarna-sant-celoni-recorda-carmelina-sanchez-cutillas\/","title":{"rendered":"Encarna Sant-Celoni recorda Carmelina S\u00e1nchez-Cutillas"},"content":{"rendered":"<p>Supose que ja us heu assabentat que diumenge passat va faltar l&#8217;escriptora valenciana Carmelina S\u00e1nchez-Cutillas; com a ant\u00f2loga d&#8217;<em>Er\u00f2tiques i despentinades,<\/em> hi havia de fer quelcom i hi vaig posar mans a l&#8217;obra.<\/p>\n<p>Us adjunte dos textos: l&#8217;un amb una coseta que li dedique, ara ja <em>in memoriam,<\/em> i l&#8217;altre amb un poema seu, \u00abLa sang se&#8217;m clivella\u00bb \u2014un fragment del qual \u00e9s en la p\u00e0gina 135 de l&#8217;antologia\u2014, perqu\u00e8 el tingau sencer. Podeu compartir-los amb qui vulgau.<\/p>\n<p>Encarna<\/p>\n<blockquote>\n<div class=\"nota\" align=\"right\">\n<em>Men i den bl\u00f8de d\u00e6mring der st\u00e5r<br \/>\nsom en lysende stribe langs himmelranden<br \/>\nog spinder os k\u00e6rtegn om skulder og h\u00e5r,<br \/>\nmens dagen og natten kysser hinanden<br \/>\n\u2013 da v\u00e5gner vi bange og ser, at vi g\u00e5r<br \/>\nmed mindernes krans om panden.<\/em><br \/>\n<br \/>Tove Ditlevsen<\/div>\n<hr>\n<\/hr>\n<div class=\"nota\" align=\"right\">\nTraducci\u00f3:<br \/>\nPer\u00f2 amb el suau crepuscle, que \u00e9s<br \/>\ncom una ratlla lluent al llarg de la vora del cel<br \/>\ni ens fila car\u00edcies sobre muscles i cabells<br \/>\nmentre el dia i la nit s\u2019entrebesen,<br \/>\nllavors ens despertem amb por i veiem que portem<br \/>\nla corona dels records al voltant del front.<\/p>\n<hr>\n<\/hr>\n<\/div>\n<p>Em costa trobar la paraula justa que done cos a la mancan\u00e7a i, doblegant-hi el coll, deixe de pouar n\u00famens i h\u00e0lits en la mar de lletres que m&#8217;escanya i t&#8217;ampre la veu, despentinada: encara &#8216;em cou massa la sang&#8217;, i &#8216;se&#8217;m clivella&#8217;, i &#8216;se m&#8217;esmussen les dents, com atzavares, de tant de traure estelletes al silenci&#8217;&#8230;<\/p>\n<p>No fa gaire que m&#8217;he assabentat, pel diari, que has faltat, de matinada&#8230; Te n&#8217;has anat, curiosa, amb el cap alt i la mirada serena, aix\u00ed de clar. I tamb\u00e9 de puntetes, com si res, aix\u00ed de cru&#8230; I de sobte m&#8217;ha creuat la cara un somriure, recordant l&#8217;\u00faltima vegada que ens v\u00e9rem, fa uns huit mesos, a ta casa, amb les teues gates i un llanterner pel mig, mentre ens dedic\u00e0vem llibres de poemes i xarr\u00e0vem de revoltes i justes, i de la cosa p\u00fablica i de la liter\u00e0ria&#8230;<\/p>\n<p>Gr\u00e0cies per ser com fores &mdash;com ets&mdash;, senyora i madona Carmelina S\u00e1nchez-Cutillas i Mart\u00ednez, preclara escriptora i historiadora, <em>e cara amiga d&#8217;anys i afanys<\/em>.<\/p>\n<p>Encarna Sant-Celoni i Verger, febrer 2009\n<\/p><\/blockquote>\n<p>I el poema de Carmelina S\u00e1nchez-Cutillas:<\/p>\n<blockquote><p>\n<strong>La sang se&#8217;m clivella<\/strong><\/p>\n<p>Voldria viure<br \/>\nentre la mar i una badia<br \/>\nalgunes nits aix\u00ed,<br \/>\namb gust de menta;<br \/>\nquan l&#8217;enyor de tanta cosa<br \/>\nem despentina l&#8217;instint,<br \/>\ni em prem la carn, i me la deixa<br \/>\nolorosa de tu.<\/p>\n<p>Mira com llance<br \/>\nin\u00fatilment els somnis.<br \/>\nMira tamb\u00e9,<br \/>\nescampades pel llit,<br \/>\nles filagarses d&#8217;aquells moments perduts&#8230;<br \/>\nNo s\u00e9 si plorar\u00e9 dem\u00e0,<br \/>\nperqu\u00e8 la pena<br \/>\n\u00e9s massa fonda avui<br \/>\nper a arrencar-la<br \/>\nestella a estella.<\/p>\n<p>Per\u00f2 tot est\u00e0 a punt:<br \/>\nl&#8217;art\u00e8ria, oberta;<br \/>\nles mans, enceses; el cos,<br \/>\ntens i expectant&#8230;<br \/>\ni tot \u00e9s tan a punt,<br \/>\nque la sang se&#8217;m clivella!<\/p>\n<p>Carmelina S\u00e1nchez-Cutillas (del llibre <em>Llibre d&#8217;amic e amada<\/em>)\n<\/p><\/blockquote>\n","protected":false},"excerpt":{"rendered":"<p>Supose que ja us heu assabentat que diumenge passat va faltar l&#8217;escriptora valenciana Carmelina S\u00e1nchez-Cutillas; com a ant\u00f2loga d&#8217;Er\u00f2tiques i despentinades, hi havia de fer quelcom i hi vaig posar mans a l&#8217;obra. Us adjunte dos textos: l&#8217;un amb una coseta que li dedique, ara ja in memoriam, i l&#8217;altre amb un poema seu, \u00abLa [&hellip;]<\/p>\n","protected":false},"author":2,"featured_media":0,"comment_status":"open","ping_status":"open","sticky":false,"template":"","format":"standard","meta":{"footnotes":""},"categories":[2,1],"tags":[279],"class_list":["post-884","post","type-post","status-publish","format-standard","hentry","category-comunicacio","category-general","tag-literatura"],"_links":{"self":[{"href":"https:\/\/www.cdlpv.org\/dtl\/wp-json\/wp\/v2\/posts\/884","targetHints":{"allow":["GET"]}}],"collection":[{"href":"https:\/\/www.cdlpv.org\/dtl\/wp-json\/wp\/v2\/posts"}],"about":[{"href":"https:\/\/www.cdlpv.org\/dtl\/wp-json\/wp\/v2\/types\/post"}],"author":[{"embeddable":true,"href":"https:\/\/www.cdlpv.org\/dtl\/wp-json\/wp\/v2\/users\/2"}],"replies":[{"embeddable":true,"href":"https:\/\/www.cdlpv.org\/dtl\/wp-json\/wp\/v2\/comments?post=884"}],"version-history":[{"count":0,"href":"https:\/\/www.cdlpv.org\/dtl\/wp-json\/wp\/v2\/posts\/884\/revisions"}],"wp:attachment":[{"href":"https:\/\/www.cdlpv.org\/dtl\/wp-json\/wp\/v2\/media?parent=884"}],"wp:term":[{"taxonomy":"category","embeddable":true,"href":"https:\/\/www.cdlpv.org\/dtl\/wp-json\/wp\/v2\/categories?post=884"},{"taxonomy":"post_tag","embeddable":true,"href":"https:\/\/www.cdlpv.org\/dtl\/wp-json\/wp\/v2\/tags?post=884"}],"curies":[{"name":"wp","href":"https:\/\/api.w.org\/{rel}","templated":true}]}}