{"id":875,"date":"2009-02-24T10:30:34","date_gmt":"2009-02-24T09:30:34","guid":{"rendered":"http:\/\/www.cdlpv.org\/dtl\/?p=875"},"modified":"2009-02-24T10:30:34","modified_gmt":"2009-02-24T09:30:34","slug":"flaix-de-subvencions","status":"publish","type":"post","link":"https:\/\/www.cdlpv.org\/dtl\/2009\/02\/24\/flaix-de-subvencions\/","title":{"rendered":"Flaix de subvencions"},"content":{"rendered":"<p>Els <em>Flaixos d\u2019Actualitat<\/em> (<a href=\"http:\/\/www20.gencat.cat\/portal\/site\/Llengcat\/menuitem.08f45c9e3857090e3285bdb1b0c0e1a0\/?vgnextoid=cedaaa22b7103110VgnVCM1000008d0c1e0aRCRD&#038;vgnextchannel=cedaaa22b7103110VgnVCM1000008d0c1e0aRCRD&#038;vgnextfmt=default\" target=\"_blank\">n\u00fam. 28<\/a>, 23.02.2009) ens envien, entre altres, la informaci\u00f3 seg\u00fcent:<\/p>\n<blockquote>\n<h2>Subvencions destinades a promoure els usos de la llengua catalana<\/h2>\n<p>Amb data 16 de febrer de 2009, s\u2019ha publicat al <em>Diari Oficial de la Generalitat de Catalunya<\/em> l\u2019Ordre VCP\/38\/2009, de 3 de febrer, per la qual s\u2019aproven les bases reguladores per a la concessi\u00f3 de subvencions per a iniciatives adre\u00e7ades a promoure els usos de la llengua catalana a Catalunya.<\/p>\n<p>D\u2019aqu\u00ed a uns dies, es publicar\u00e0 la resoluci\u00f3 per la qual es convoca el concurs p\u00fablic per a la concessi\u00f3 de subvencions per a iniciatives adre\u00e7ades a promoure els usos de la llengua catalana a Catalunya, per a l\u2019any 2009. Tingueu en compte que el termini de presentaci\u00f3 de les sol\u00b7licituds \u00e9s d\u2019un mes a comptar de l\u2019endem\u00e0 de la data de publicaci\u00f3 de la resoluci\u00f3.<\/p>\n<p>Podeu consultar l\u2019ordre i tota la informaci\u00f3 relacionada amb aquesta convocat\u00f2ria de subvencions (model orientatiu de projecte, model orientatiu de mem\u00f2ria d\u2019actuaci\u00f3, criteris del programa Voluntariat per la llengua, etc.) a l\u2019apartat de subvencions del web de la llengua catalana:<br \/>\n<em><a href=\"http:\/\/www.gencat.cat\/llengua\/subvencions\" target=\"_blank\">http:\/\/www.gencat.cat\/llengua\/subvencions<\/a>.<\/em>\n<\/p><\/blockquote>\n","protected":false},"excerpt":{"rendered":"<p>Els Flaixos d\u2019Actualitat (n\u00fam. 28, 23.02.2009) ens envien, entre altres, la informaci\u00f3 seg\u00fcent: Subvencions destinades a promoure els usos de la llengua catalana Amb data 16 de febrer de 2009, s\u2019ha publicat al Diari Oficial de la Generalitat de Catalunya l\u2019Ordre VCP\/38\/2009, de 3 de febrer, per la qual s\u2019aproven les bases reguladores per a [&hellip;]<\/p>\n","protected":false},"author":2,"featured_media":0,"comment_status":"open","ping_status":"open","sticky":false,"template":"","format":"standard","meta":{"footnotes":""},"categories":[1,47,28],"tags":[206],"class_list":["post-875","post","type-post","status-publish","format-standard","hentry","category-general","category-planificacio","category-subvencions","tag-flaixos-dactualitat"],"_links":{"self":[{"href":"https:\/\/www.cdlpv.org\/dtl\/wp-json\/wp\/v2\/posts\/875","targetHints":{"allow":["GET"]}}],"collection":[{"href":"https:\/\/www.cdlpv.org\/dtl\/wp-json\/wp\/v2\/posts"}],"about":[{"href":"https:\/\/www.cdlpv.org\/dtl\/wp-json\/wp\/v2\/types\/post"}],"author":[{"embeddable":true,"href":"https:\/\/www.cdlpv.org\/dtl\/wp-json\/wp\/v2\/users\/2"}],"replies":[{"embeddable":true,"href":"https:\/\/www.cdlpv.org\/dtl\/wp-json\/wp\/v2\/comments?post=875"}],"version-history":[{"count":0,"href":"https:\/\/www.cdlpv.org\/dtl\/wp-json\/wp\/v2\/posts\/875\/revisions"}],"wp:attachment":[{"href":"https:\/\/www.cdlpv.org\/dtl\/wp-json\/wp\/v2\/media?parent=875"}],"wp:term":[{"taxonomy":"category","embeddable":true,"href":"https:\/\/www.cdlpv.org\/dtl\/wp-json\/wp\/v2\/categories?post=875"},{"taxonomy":"post_tag","embeddable":true,"href":"https:\/\/www.cdlpv.org\/dtl\/wp-json\/wp\/v2\/tags?post=875"}],"curies":[{"name":"wp","href":"https:\/\/api.w.org\/{rel}","templated":true}]}}