{"id":87,"date":"2007-05-18T09:31:58","date_gmt":"2007-05-18T08:31:58","guid":{"rendered":"http:\/\/www.cdlpv.org\/dtl\/?p=87"},"modified":"2007-05-18T09:31:58","modified_gmt":"2007-05-18T08:31:58","slug":"lany-que-ve-festejarem-lany-internacional-de-les-llengues","status":"publish","type":"post","link":"https:\/\/www.cdlpv.org\/dtl\/2007\/05\/18\/lany-que-ve-festejarem-lany-internacional-de-les-llengues\/","title":{"rendered":"L&#8217;any que ve festejarem l&#8217;Any Internacional de les Lleng\u00fces"},"content":{"rendered":"<p><a href=\"http:\/\/www10.gencat.net\/pres_casa_llengues\/AppJava\/frontend\/noticies_detall.jsp?id=106&#038;idioma=1\" target=\"_blank\"><img decoding=\"async\" style=\"float:right; margin:0 0 10px 10px;cursor:pointer; cursor:hand;\" border=\"0\" id=\"image86\" height=96 alt=Linguam\u00f3n src=\"http:\/\/www.cdlpv.org\/dtl\/wp-content\/logo_linguamon.miniatura.gif\" \/><\/a><br \/>\nHem pogut llegir en el web de <a href=\"http:\/\/www10.gencat.net\/pres_casa_llengues\/AppJava\/frontend\/noticies_detall.jsp?id=106&#038;idioma=1\" target=\"_blank\">Linguam\u00f3n<\/a>:<\/p>\n<blockquote>\n<h2>L&#8217;ONU declara 2008 l&#8217;Any Internacional de les Lleng\u00fces<\/h2>\n<h3>Donar\u00e0 visibilitat a les m\u00e9s de 6000 lleng\u00fces d&#8217;arreu del planeta<\/h3>\n<h5>17.05.2007<\/h5>\n<p>A la sessi\u00f3 plen\u00e0ria d&#8217;ahir 16 de maig, l&#8217;Assemblea General de l&#8217;Organitzaci\u00f3 de les Nacions Unides (ONU) ha decidit declarar el 2008 Any Internacional de les Lleng\u00fces. Aquest any servir\u00e0, afirma el text, per promoure la unitat en la diversitat de lleng\u00fces. L&#8217;Assemblea fa, a m\u00e9s, una crida als estats i al Secretariat perqu\u00e8 treballin per la conservaci\u00f3 i la defensa de les lleng\u00fces del m\u00f3n i demana al Secretariat que designi un coordinador per al multiling\u00fcisme.<\/p>\n<p>A banda de proclamar l&#8217;Any Internacional de les Lleng\u00fces, l&#8217;Assemblea ha demanat al Secretari General que garanteixi que tots els serveis ling\u00fc\u00edstics de les Nacions Unides comptin amb els mateixos recursos. Aix\u00f2 \u00e9s una clara refer\u00e8ncia a la domin\u00e0ncia creixent de l&#8217;angl\u00e8s en detriment de les altres cinc lleng\u00fces oficials de l&#8217;ONU: l&#8217;\u00e0rab, l&#8217;espanyol, el franc\u00e8s, el rus i el xin\u00e8s.<\/p>\n<p>Representants de diversos estats van poder fer les seves aportacions. Aix\u00ed, el representat d&#8217;Andorra afirmava que &#8216;la protecci\u00f3 de les lleng\u00fces \u00e9s un dels pilars fonamentals de la diversitat cultural&#8217;, mentre que el de l&#8217;Estat franc\u00e8s afirmava que &#8216;el dret a usar la llengua pr\u00f2pia, la capacitat de comunicar i, per tant, a comprendre i a fer-se comprendre, la preservaci\u00f3 d&#8217;una her\u00e8ncia de tants segles o fins i tot mil\u00b7len\u00e0ria han de ser mat\u00e8ria de primer ordre a les Nacions Unides&#8217;<\/p>\n<p>La idea de dedicar un any sencer a les lleng\u00fces sorgia fa aproximadament dos anys. A la 33ena Confer\u00e8ncia General de la UNESCO, que va tenir lloc a finals de 2005 a Par\u00eds, \u00c0ustria proposava la idea i d&#8217;altres estats com ara Mali la recolzaven. Amb aquesta resoluci\u00f3 del m\u00e9s alt nivell, el reconeixement de la diversitat ling\u00fc\u00edstica i la import\u00e0ncia de la seva promoci\u00f3 i manteniment passen a inst\u00e0ncies internacionals.<\/p>\n<p>Podeu consultar els comunicats de premsa oficials en <a href=\"http:\/\/www.un.org\/News\/fr-press\/docs\/2007\/AG10592.doc.htm\" target=\"_blank\">franc\u00e8s<\/a> i en <a href=\"http:\/\/www.un.org\/News\/Press\/docs\/\/2007\/ga10592.doc.htm\" target=\"_blank\">angl\u00e8s<\/a>.<\/p><\/blockquote>\n","protected":false},"excerpt":{"rendered":"<p>Hem pogut llegir en el web de Linguam\u00f3n: L&#8217;ONU declara 2008 l&#8217;Any Internacional de les Lleng\u00fces Donar\u00e0 visibilitat a les m\u00e9s de 6000 lleng\u00fces d&#8217;arreu del planeta 17.05.2007 A la sessi\u00f3 plen\u00e0ria d&#8217;ahir 16 de maig, l&#8217;Assemblea General de l&#8217;Organitzaci\u00f3 de les Nacions Unides (ONU) ha decidit declarar el 2008 Any Internacional de les Lleng\u00fces. [&hellip;]<\/p>\n","protected":false},"author":2,"featured_media":0,"comment_status":"open","ping_status":"open","sticky":false,"template":"","format":"standard","meta":{"footnotes":""},"categories":[2,4,1,47,19],"tags":[],"class_list":["post-87","post","type-post","status-publish","format-standard","hentry","category-comunicacio","category-dret","category-general","category-planificacio","category-politica"],"_links":{"self":[{"href":"https:\/\/www.cdlpv.org\/dtl\/wp-json\/wp\/v2\/posts\/87","targetHints":{"allow":["GET"]}}],"collection":[{"href":"https:\/\/www.cdlpv.org\/dtl\/wp-json\/wp\/v2\/posts"}],"about":[{"href":"https:\/\/www.cdlpv.org\/dtl\/wp-json\/wp\/v2\/types\/post"}],"author":[{"embeddable":true,"href":"https:\/\/www.cdlpv.org\/dtl\/wp-json\/wp\/v2\/users\/2"}],"replies":[{"embeddable":true,"href":"https:\/\/www.cdlpv.org\/dtl\/wp-json\/wp\/v2\/comments?post=87"}],"version-history":[{"count":0,"href":"https:\/\/www.cdlpv.org\/dtl\/wp-json\/wp\/v2\/posts\/87\/revisions"}],"wp:attachment":[{"href":"https:\/\/www.cdlpv.org\/dtl\/wp-json\/wp\/v2\/media?parent=87"}],"wp:term":[{"taxonomy":"category","embeddable":true,"href":"https:\/\/www.cdlpv.org\/dtl\/wp-json\/wp\/v2\/categories?post=87"},{"taxonomy":"post_tag","embeddable":true,"href":"https:\/\/www.cdlpv.org\/dtl\/wp-json\/wp\/v2\/tags?post=87"}],"curies":[{"name":"wp","href":"https:\/\/api.w.org\/{rel}","templated":true}]}}