{"id":868,"date":"2009-02-23T14:35:59","date_gmt":"2009-02-23T13:35:59","guid":{"rendered":"http:\/\/www.cdlpv.org\/dtl\/?p=868"},"modified":"2009-02-23T14:35:59","modified_gmt":"2009-02-23T13:35:59","slug":"oferta-laboral-a-manacor","status":"publish","type":"post","link":"https:\/\/www.cdlpv.org\/dtl\/2009\/02\/23\/oferta-laboral-a-manacor\/","title":{"rendered":"Oferta laboral a Manacor"},"content":{"rendered":"<p>Magdalena Ramon ens envia a trav\u00e9s d&#8217;InfoZ\u00e8fir l&#8217;oferta seg\u00fcent:<\/p>\n<blockquote><p>\nL&#8217;empresa Femarec <em>(<a href=\"www.femarec.es\" target=\"_blank\">www.femarec.es<\/a>),<\/em> amb seu a Barcelona, busca professors\/res de llengua per a diversos cursos (nivells A,B i C) a Manacor, que han de comen\u00e7ar el mes d&#8217;abril de 2009.<\/p>\n<p>Si hi esteu interessats\/ades, podeu enviar el vostre curr\u00edculum a Marina Subirana <em>(<a href=\"mailto:msubirana@femarec.es\" target=\"_blank\">msubirana@femarec.es<\/a>)<\/em> amb tel\u00e8fon de contacte 932922181.\n<\/p><\/blockquote>\n","protected":false},"excerpt":{"rendered":"<p>Magdalena Ramon ens envia a trav\u00e9s d&#8217;InfoZ\u00e8fir l&#8217;oferta seg\u00fcent: L&#8217;empresa Femarec (www.femarec.es), amb seu a Barcelona, busca professors\/res de llengua per a diversos cursos (nivells A,B i C) a Manacor, que han de comen\u00e7ar el mes d&#8217;abril de 2009. Si hi esteu interessats\/ades, podeu enviar el vostre curr\u00edculum a Marina Subirana (msubirana@femarec.es) amb tel\u00e8fon de [&hellip;]<\/p>\n","protected":false},"author":2,"featured_media":0,"comment_status":"open","ping_status":"open","sticky":false,"template":"","format":"standard","meta":{"footnotes":""},"categories":[43,45,10,1,15],"tags":[240],"class_list":["post-868","post","type-post","status-publish","format-standard","hentry","category-concursos","category-ensenyament","category-formacio","category-general","category-laboral","tag-illes-balears"],"_links":{"self":[{"href":"https:\/\/www.cdlpv.org\/dtl\/wp-json\/wp\/v2\/posts\/868","targetHints":{"allow":["GET"]}}],"collection":[{"href":"https:\/\/www.cdlpv.org\/dtl\/wp-json\/wp\/v2\/posts"}],"about":[{"href":"https:\/\/www.cdlpv.org\/dtl\/wp-json\/wp\/v2\/types\/post"}],"author":[{"embeddable":true,"href":"https:\/\/www.cdlpv.org\/dtl\/wp-json\/wp\/v2\/users\/2"}],"replies":[{"embeddable":true,"href":"https:\/\/www.cdlpv.org\/dtl\/wp-json\/wp\/v2\/comments?post=868"}],"version-history":[{"count":0,"href":"https:\/\/www.cdlpv.org\/dtl\/wp-json\/wp\/v2\/posts\/868\/revisions"}],"wp:attachment":[{"href":"https:\/\/www.cdlpv.org\/dtl\/wp-json\/wp\/v2\/media?parent=868"}],"wp:term":[{"taxonomy":"category","embeddable":true,"href":"https:\/\/www.cdlpv.org\/dtl\/wp-json\/wp\/v2\/categories?post=868"},{"taxonomy":"post_tag","embeddable":true,"href":"https:\/\/www.cdlpv.org\/dtl\/wp-json\/wp\/v2\/tags?post=868"}],"curies":[{"name":"wp","href":"https:\/\/api.w.org\/{rel}","templated":true}]}}