{"id":857,"date":"2009-02-18T09:47:04","date_gmt":"2009-02-18T08:47:04","guid":{"rendered":"http:\/\/www.cdlpv.org\/dtl\/?p=857"},"modified":"2009-02-18T09:47:04","modified_gmt":"2009-02-18T08:47:04","slug":"la-crisi-en-el-sector-linguistic","status":"publish","type":"post","link":"https:\/\/www.cdlpv.org\/dtl\/2009\/02\/18\/la-crisi-en-el-sector-linguistic\/","title":{"rendered":"La crisi en el sector ling\u00fc\u00edstic"},"content":{"rendered":"<p>El diari <em>El Pa\u00eds<\/em> <a href=\"http:\/\/www.elpais.com\/articulo\/sociedad\/contador\/ha\/parado\/freelance\/elpepisoc\/20090217elpepisoc_1\/Tes\" target=\"_blank\">(dt. 17.02.2009)<\/a> inclo\u00efa un article \u00abEl contador se ha parado para los <em>freelance<\/em>\u00bb que mostrava alguns efectes de la crisi econ\u00f2mica en el sector relacionat amb la traducci\u00f3, la correcci\u00f3 i l&#8217;edici\u00f3 \u2014si \u00e9s que realment s\u00f3n efectes de la crisi actual\u2014. A m\u00e9s, contenia un quadre comparatiu sobre la remuneraci\u00f3 dels traductors en Europa que tamb\u00e9 resulta especialment interessant.<\/p>\n<p><a href=\"http:\/\/www.cdlpv.org\/dtl\/wp-content\/uploads\/2009\/02\/traductors1.jpg\" target=\"_blank\"><img loading=\"lazy\" decoding=\"async\" src=\"http:\/\/www.cdlpv.org\/dtl\/wp-content\/uploads\/2009\/02\/traductors1-293x300.jpg\" alt=\"Traductors europeus\" title=\"Traductors europeus\" width=\"293\" height=\"300\" class=\"alignright size-medium wp-image-856\" \/><\/a><\/p>\n","protected":false},"excerpt":{"rendered":"<p>El diari El Pa\u00eds (dt. 17.02.2009) inclo\u00efa un article \u00abEl contador se ha parado para los freelance\u00bb que mostrava alguns efectes de la crisi econ\u00f2mica en el sector relacionat amb la traducci\u00f3, la correcci\u00f3 i l&#8217;edici\u00f3 \u2014si \u00e9s que realment s\u00f3n efectes de la crisi actual\u2014. A m\u00e9s, contenia un quadre comparatiu sobre la remuneraci\u00f3 [&hellip;]<\/p>\n","protected":false},"author":2,"featured_media":0,"comment_status":"open","ping_status":"open","sticky":false,"template":"","format":"standard","meta":{"footnotes":""},"categories":[2,7,1,15],"tags":[163,477],"class_list":["post-857","post","type-post","status-publish","format-standard","hentry","category-comunicacio","category-empreses","category-general","category-laboral","tag-editorials","tag-traduccio"],"_links":{"self":[{"href":"https:\/\/www.cdlpv.org\/dtl\/wp-json\/wp\/v2\/posts\/857","targetHints":{"allow":["GET"]}}],"collection":[{"href":"https:\/\/www.cdlpv.org\/dtl\/wp-json\/wp\/v2\/posts"}],"about":[{"href":"https:\/\/www.cdlpv.org\/dtl\/wp-json\/wp\/v2\/types\/post"}],"author":[{"embeddable":true,"href":"https:\/\/www.cdlpv.org\/dtl\/wp-json\/wp\/v2\/users\/2"}],"replies":[{"embeddable":true,"href":"https:\/\/www.cdlpv.org\/dtl\/wp-json\/wp\/v2\/comments?post=857"}],"version-history":[{"count":0,"href":"https:\/\/www.cdlpv.org\/dtl\/wp-json\/wp\/v2\/posts\/857\/revisions"}],"wp:attachment":[{"href":"https:\/\/www.cdlpv.org\/dtl\/wp-json\/wp\/v2\/media?parent=857"}],"wp:term":[{"taxonomy":"category","embeddable":true,"href":"https:\/\/www.cdlpv.org\/dtl\/wp-json\/wp\/v2\/categories?post=857"},{"taxonomy":"post_tag","embeddable":true,"href":"https:\/\/www.cdlpv.org\/dtl\/wp-json\/wp\/v2\/tags?post=857"}],"curies":[{"name":"wp","href":"https:\/\/api.w.org\/{rel}","templated":true}]}}