{"id":853,"date":"2009-02-17T13:32:06","date_gmt":"2009-02-17T12:32:06","guid":{"rendered":"http:\/\/www.cdlpv.org\/dtl\/?p=853"},"modified":"2009-02-17T13:32:06","modified_gmt":"2009-02-17T12:32:06","slug":"borsa-de-tl-a2-del-departament-de-promocio-linguistica-de-vila-real","status":"publish","type":"post","link":"https:\/\/www.cdlpv.org\/dtl\/2009\/02\/17\/borsa-de-tl-a2-del-departament-de-promocio-linguistica-de-vila-real\/","title":{"rendered":"Borsa de TL (A2) del Departament de Promoci\u00f3 Ling\u00fc\u00edstica de Vila-real"},"content":{"rendered":"<p>L&#8217;Ajuntament de Vila-real ha fet p\u00fablica la convocat\u00f2ria seg\u00fcent:<\/p>\n<blockquote>\n<h3><a href=\"http:\/\/www.vila-real.es\/portal\/p_85_contenedor5.jsp?seccion=s_fdes_d1_v1.jsp&#038;contenido=2309&#038;tipo=6&#038;nivel=1400&#038;layout=p_85_contenedor5.jsp&#038;codResi=1&#038;language=ca&#038;codMenu=103&#038;codMenuPN=1\" target=\"_blank\">Bases<\/a> de la convocat\u00f2ria per a la constituci\u00f3 d\u00b4una borsa de treball per a proveir provisionalment llocs de treball de t\u00e8cnic\/a mtj\u00e0 d&#8217;Administraci\u00f3 especial per al departament de Promoci\u00f3 Ling\u00fc\u00edstica.<\/h3>\n<p><strong>Presentaci\u00f3 de sol\u00b7licituds:<\/strong> del 17 al 27 de febrer de 2009<\/p>\n<p><strong>OBJECTE DE LA BORSA: <\/strong>L\u2019objecte d\u2019aquestes bases \u00e9s regular la constituci\u00f3 i el funcionament d&#8217;una borsa de treball per a cobrir provisionalment els llocs de treball de t\u00e8cnic\/a mitj\u00e0 d&#8217;Administraci\u00f3 especial, grup A, subgrup A2, del Departament de Promoci\u00f3 Ling\u00fc\u00edstica que puguen quedar vacants en virtut de les places que figuren en la plantilla pressupost\u00e0ria d&#8217;aquest Ajuntament, mitjan\u00e7ant nomenament com a funcionaris\/\u00e0ries interins\/es.<\/p>\n<p><strong>SISTEMA DE SELECCI\u00d3: <\/strong>El sistema selectiu ser\u00e0 el concurs oposici\u00f3, d&#8217;acord amb les proves i temari que es recullen en l&#8217;annex I d\u2019aquestes bases, i al barem que s&#8217;estableix en l&#8217;annex II. Ser\u00e0 requisit indispensable haver superat la fase d&#8217;oposici\u00f3 per a optar a la fase de concurs.<\/p>\n<div align=\"right\"> [&#8230;]<a href=\"http:\/\/www.vila-real.es\/portal\/RecursosWeb\/DOCUMENTOS\/1\/2_1203_1.pdf\" target=\"_blank\"><span class=\"versaleta\">&rarr; [pdf]<\/span><\/a> <\/div>\n<\/blockquote>\n","protected":false},"excerpt":{"rendered":"<p>L&#8217;Ajuntament de Vila-real ha fet p\u00fablica la convocat\u00f2ria seg\u00fcent: Bases de la convocat\u00f2ria per a la constituci\u00f3 d\u00b4una borsa de treball per a proveir provisionalment llocs de treball de t\u00e8cnic\/a mtj\u00e0 d&#8217;Administraci\u00f3 especial per al departament de Promoci\u00f3 Ling\u00fc\u00edstica. Presentaci\u00f3 de sol\u00b7licituds: del 17 al 27 de febrer de 2009 OBJECTE DE LA BORSA: L\u2019objecte [&hellip;]<\/p>\n","protected":false},"author":2,"featured_media":0,"comment_status":"open","ping_status":"open","sticky":false,"template":"","format":"standard","meta":{"footnotes":""},"categories":[43,1,15,18,24,31],"tags":[79],"class_list":["post-853","post","type-post","status-publish","format-standard","hentry","category-concursos","category-general","category-laboral","category-oposicions","category-requisit-linguistic","category-tmpl","tag-borses"],"_links":{"self":[{"href":"https:\/\/www.cdlpv.org\/dtl\/wp-json\/wp\/v2\/posts\/853","targetHints":{"allow":["GET"]}}],"collection":[{"href":"https:\/\/www.cdlpv.org\/dtl\/wp-json\/wp\/v2\/posts"}],"about":[{"href":"https:\/\/www.cdlpv.org\/dtl\/wp-json\/wp\/v2\/types\/post"}],"author":[{"embeddable":true,"href":"https:\/\/www.cdlpv.org\/dtl\/wp-json\/wp\/v2\/users\/2"}],"replies":[{"embeddable":true,"href":"https:\/\/www.cdlpv.org\/dtl\/wp-json\/wp\/v2\/comments?post=853"}],"version-history":[{"count":0,"href":"https:\/\/www.cdlpv.org\/dtl\/wp-json\/wp\/v2\/posts\/853\/revisions"}],"wp:attachment":[{"href":"https:\/\/www.cdlpv.org\/dtl\/wp-json\/wp\/v2\/media?parent=853"}],"wp:term":[{"taxonomy":"category","embeddable":true,"href":"https:\/\/www.cdlpv.org\/dtl\/wp-json\/wp\/v2\/categories?post=853"},{"taxonomy":"post_tag","embeddable":true,"href":"https:\/\/www.cdlpv.org\/dtl\/wp-json\/wp\/v2\/tags?post=853"}],"curies":[{"name":"wp","href":"https:\/\/api.w.org\/{rel}","templated":true}]}}