{"id":848,"date":"2009-02-16T12:26:10","date_gmt":"2009-02-16T11:26:10","guid":{"rendered":"http:\/\/www.cdlpv.org\/dtl\/?p=848"},"modified":"2009-02-16T12:26:10","modified_gmt":"2009-02-16T11:26:10","slug":"presentacio-de-dos-llibres-de-josep-a-mas-i-miquel-angel-pradilla","status":"publish","type":"post","link":"https:\/\/www.cdlpv.org\/dtl\/2009\/02\/16\/presentacio-de-dos-llibres-de-josep-a-mas-i-miquel-angel-pradilla\/","title":{"rendered":"Presentaci\u00f3 de dos llibres de Josep \u00c0. Mas i Miquel \u00c0ngel Pradilla"},"content":{"rendered":"<p>Informaci\u00f3 sobre la presentaci\u00f3 de dos llibres:<\/p>\n<blockquote>\n<ul>\n<li><em>El morfema ideol\u00f2gic. Una an\u00e0lisi cr\u00edtica dels models dellengua valencians<\/em> de Josep \u00c0. Mas, Onada Edicions, 2008 (Biblioteca La Nau; 6).\n<li><em>La tribu valenciana. Reflexions sobrela desestructuraci\u00f3 la comunitat ling\u00fc\u00edstica<\/em> de Miquel \u00c0ngel Pradilla, Onada Edicions, 2008 (Biblioteca La Nau; 7).\n<\/ul>\n<p>Les presentacions aniran a c\u00e0rrec dels autors.<\/p>\n<p><strong>Dia:<\/strong> dijous 19 de febrer<br \/>\n<strong>Hora:<\/strong> 16.30 h<br \/>\n<strong>lloc:<\/strong> sala de graus Enric Valor de la Facultat de Filologia, Traducci\u00f3 i Comunicaci\u00f3 de la Universitat de Val\u00e8ncia. Avgda. Blasco Ib\u00e1\u00f1ez, 32. Val\u00e8ncia.<\/p>\n<hr noShade><\/hr>\n<p><strong>Dia:<\/strong> dijous 19 de febrer<br \/>\n<strong>Hora:<\/strong> 19.30 h<br \/>\n<strong>Lloc:<\/strong> sala de confer\u00e8ncies 1 del Campus de Gandia de la UPV.<br \/>\nCarretera Natzaret-Oliva, sense n\u00fam. Grau de Gandia.\n<\/p><\/blockquote>\n","protected":false},"excerpt":{"rendered":"<p>Informaci\u00f3 sobre la presentaci\u00f3 de dos llibres: El morfema ideol\u00f2gic. Una an\u00e0lisi cr\u00edtica dels models dellengua valencians de Josep \u00c0. Mas, Onada Edicions, 2008 (Biblioteca La Nau; 6). La tribu valenciana. Reflexions sobrela desestructuraci\u00f3 la comunitat ling\u00fc\u00edstica de Miquel \u00c0ngel Pradilla, Onada Edicions, 2008 (Biblioteca La Nau; 7). Les presentacions aniran a c\u00e0rrec dels autors. [&hellip;]<\/p>\n","protected":false},"author":2,"featured_media":0,"comment_status":"open","ping_status":"open","sticky":false,"template":"","format":"standard","meta":{"footnotes":""},"categories":[2,5,1],"tags":[291],"class_list":["post-848","post","type-post","status-publish","format-standard","hentry","category-comunicacio","category-edicio","category-general","tag-llibres"],"_links":{"self":[{"href":"https:\/\/www.cdlpv.org\/dtl\/wp-json\/wp\/v2\/posts\/848","targetHints":{"allow":["GET"]}}],"collection":[{"href":"https:\/\/www.cdlpv.org\/dtl\/wp-json\/wp\/v2\/posts"}],"about":[{"href":"https:\/\/www.cdlpv.org\/dtl\/wp-json\/wp\/v2\/types\/post"}],"author":[{"embeddable":true,"href":"https:\/\/www.cdlpv.org\/dtl\/wp-json\/wp\/v2\/users\/2"}],"replies":[{"embeddable":true,"href":"https:\/\/www.cdlpv.org\/dtl\/wp-json\/wp\/v2\/comments?post=848"}],"version-history":[{"count":0,"href":"https:\/\/www.cdlpv.org\/dtl\/wp-json\/wp\/v2\/posts\/848\/revisions"}],"wp:attachment":[{"href":"https:\/\/www.cdlpv.org\/dtl\/wp-json\/wp\/v2\/media?parent=848"}],"wp:term":[{"taxonomy":"category","embeddable":true,"href":"https:\/\/www.cdlpv.org\/dtl\/wp-json\/wp\/v2\/categories?post=848"},{"taxonomy":"post_tag","embeddable":true,"href":"https:\/\/www.cdlpv.org\/dtl\/wp-json\/wp\/v2\/tags?post=848"}],"curies":[{"name":"wp","href":"https:\/\/api.w.org\/{rel}","templated":true}]}}