{"id":842,"date":"2009-02-13T14:29:44","date_gmt":"2009-02-13T13:29:44","guid":{"rendered":"http:\/\/www.cdlpv.org\/dtl\/?p=842"},"modified":"2009-02-13T14:29:44","modified_gmt":"2009-02-13T13:29:44","slug":"convocatoria-del-2009-per-als-certificats-de-catala","status":"publish","type":"post","link":"https:\/\/www.cdlpv.org\/dtl\/2009\/02\/13\/convocatoria-del-2009-per-als-certificats-de-catala\/","title":{"rendered":"Convocat\u00f2ria del 2009 per als certificats de catal\u00e0"},"content":{"rendered":"<p>La Secretaria de Pol\u00edtica Ling\u00fc\u00edstica de la Generalitat de Catalunya ens envia la convocat\u00f2ria seg\u00fcent:<\/p>\n<blockquote>\n<h2>Dilluns, 16 de febrer, s\u2019inicia el termini d\u2019inscripci\u00f3 a les proves per a l\u2019obtenci\u00f3 dels certificats de catal\u00e0 de 2009<\/h2>\n<p><strong>Aquesta \u00e9s l\u2019\u00fanica convocat\u00f2ria que hi haur\u00e0 durant l\u2019any 2009 <\/strong><\/p>\n<p>El proper dilluns, 16 de febrer s\u2019obre el termini per inscriure\u2019s a la convocat\u00f2ria de proves per obtenir els certificats de coneixement de la llengua catalana de la Secretaria de Pol\u00edtica Ling\u00fc\u00edstica.<\/p>\n<p>Les dates d\u2019examen s\u00f3n:<br \/>\n&#8211;  Certificat de nivell b\u00e0sic de catal\u00e0 (A b\u00e0sic): 20.06.2009<br \/>\n&#8211;  Certificat de nivell elemental de catal\u00e0 (A elemental): 20.06.2009<br \/>\n&#8211;  Certificat de nivell intermedi de catal\u00e0 (B): 16.05.2009<br \/>\n&#8211;  Certificat de nivell de sufici\u00e8ncia de catal\u00e0 (C): 06.06.2009<br \/>\n&#8211;  Certificat de nivell superior de catal\u00e0 (D): 23.05.2009<\/p>\n<p>Aquesta ser\u00e0 l\u2019\u00fanica convocat\u00f2ria del 2009.<\/p>\n<p>La inscripci\u00f3 es pot fer de manera telem\u00e0tica des del portal de serveis i tr\u00e0mits de la Generalitat de Catalunya (<a href=\"http:\/\/www.cat365.net\" target=\"_blank\">http:\/\/www.cat365.net<\/a>), o  b\u00e9 per tel\u00e8fon (012).<\/p>\n<p>Per a m\u00e9s informaci\u00f3 sobre la convocat\u00f2ria  (terminis i condicions de preinscripci\u00f3, de pagament, de sol\u00b7licitud d&#8217;exempci\u00f3 i de bonificaci\u00f3 de l&#8217;import de les taxes,  dates i llocs de notificacions de l&#8217;hora i el lloc de les proves, etc): <a href=\"http:\/\/www.gencat.cat\/llengua\/certificats\" target=\"_blank\">http:\/\/www.gencat.cat\/llengua\/certificats<\/a>.\n<\/p><\/blockquote>\n","protected":false},"excerpt":{"rendered":"<p>La Secretaria de Pol\u00edtica Ling\u00fc\u00edstica de la Generalitat de Catalunya ens envia la convocat\u00f2ria seg\u00fcent: Dilluns, 16 de febrer, s\u2019inicia el termini d\u2019inscripci\u00f3 a les proves per a l\u2019obtenci\u00f3 dels certificats de catal\u00e0 de 2009 Aquesta \u00e9s l\u2019\u00fanica convocat\u00f2ria que hi haur\u00e0 durant l\u2019any 2009 El proper dilluns, 16 de febrer s\u2019obre el termini per [&hellip;]<\/p>\n","protected":false},"author":2,"featured_media":0,"comment_status":"open","ping_status":"open","sticky":false,"template":"","format":"standard","meta":{"footnotes":""},"categories":[10,1,47,24],"tags":[101],"class_list":["post-842","post","type-post","status-publish","format-standard","hentry","category-formacio","category-general","category-planificacio","category-requisit-linguistic","tag-certificats"],"_links":{"self":[{"href":"https:\/\/www.cdlpv.org\/dtl\/wp-json\/wp\/v2\/posts\/842","targetHints":{"allow":["GET"]}}],"collection":[{"href":"https:\/\/www.cdlpv.org\/dtl\/wp-json\/wp\/v2\/posts"}],"about":[{"href":"https:\/\/www.cdlpv.org\/dtl\/wp-json\/wp\/v2\/types\/post"}],"author":[{"embeddable":true,"href":"https:\/\/www.cdlpv.org\/dtl\/wp-json\/wp\/v2\/users\/2"}],"replies":[{"embeddable":true,"href":"https:\/\/www.cdlpv.org\/dtl\/wp-json\/wp\/v2\/comments?post=842"}],"version-history":[{"count":0,"href":"https:\/\/www.cdlpv.org\/dtl\/wp-json\/wp\/v2\/posts\/842\/revisions"}],"wp:attachment":[{"href":"https:\/\/www.cdlpv.org\/dtl\/wp-json\/wp\/v2\/media?parent=842"}],"wp:term":[{"taxonomy":"category","embeddable":true,"href":"https:\/\/www.cdlpv.org\/dtl\/wp-json\/wp\/v2\/categories?post=842"},{"taxonomy":"post_tag","embeddable":true,"href":"https:\/\/www.cdlpv.org\/dtl\/wp-json\/wp\/v2\/tags?post=842"}],"curies":[{"name":"wp","href":"https:\/\/api.w.org\/{rel}","templated":true}]}}