{"id":84,"date":"2007-05-16T11:20:01","date_gmt":"2007-05-16T10:20:01","guid":{"rendered":"http:\/\/www.cdlpv.org\/dtl\/?p=84"},"modified":"2007-05-16T11:20:01","modified_gmt":"2007-05-16T10:20:01","slug":"lloc-de-treball-interi-a-mallorca-grup-a","status":"publish","type":"post","link":"https:\/\/www.cdlpv.org\/dtl\/2007\/05\/16\/lloc-de-treball-interi-a-mallorca-grup-a\/","title":{"rendered":"Lloc de treball inter\u00ed a Mallorca (grup A)"},"content":{"rendered":"<p>Magdalena Ramon ha enviat la informaci\u00f3 seg\u00fcent a <a href=\"http:\/\/www.llengcat.com\/infozefir\/\" target=\"_blank\">InfoZ\u00e8fir<\/a>:<\/p>\n<blockquote><p>\nEl Consell de Mallorca necessita una persona per cobrir una pla\u00e7a en r\u00e8gim inter\u00ed d&#8217;assessor ling\u00fc\u00edstic<\/p>\n<p><strong>Requisit:<\/strong> llicenciatura en Filologia Catalana<br \/>\n<strong>Termini de presentaci\u00f3:<\/strong> fins el dia 21 de maig al registre del Consell de Mallorca<\/p>\n<p>Les bases estan penjades a la p\u00e0gina web del Consell de Mallorca:<\/p>\n<p><a href=\"http:\/\/www.conselldemallorca.es\" target=\"_blank\">http:\/\/www.conselldemallorca.es<\/a><\/p>\n<p>Font: Servei de Normalitzaci\u00f3 Ling\u00fc\u00edstica del Consell de Mallorca\n<\/p><\/blockquote>\n","protected":false},"excerpt":{"rendered":"<p>Magdalena Ramon ha enviat la informaci\u00f3 seg\u00fcent a InfoZ\u00e8fir: El Consell de Mallorca necessita una persona per cobrir una pla\u00e7a en r\u00e8gim inter\u00ed d&#8217;assessor ling\u00fc\u00edstic Requisit: llicenciatura en Filologia Catalana Termini de presentaci\u00f3: fins el dia 21 de maig al registre del Consell de Mallorca Les bases estan penjades a la p\u00e0gina web del Consell [&hellip;]<\/p>\n","protected":false},"author":2,"featured_media":0,"comment_status":"open","ping_status":"open","sticky":false,"template":"","format":"standard","meta":{"footnotes":""},"categories":[1,15],"tags":[],"class_list":["post-84","post","type-post","status-publish","format-standard","hentry","category-general","category-laboral"],"_links":{"self":[{"href":"https:\/\/www.cdlpv.org\/dtl\/wp-json\/wp\/v2\/posts\/84","targetHints":{"allow":["GET"]}}],"collection":[{"href":"https:\/\/www.cdlpv.org\/dtl\/wp-json\/wp\/v2\/posts"}],"about":[{"href":"https:\/\/www.cdlpv.org\/dtl\/wp-json\/wp\/v2\/types\/post"}],"author":[{"embeddable":true,"href":"https:\/\/www.cdlpv.org\/dtl\/wp-json\/wp\/v2\/users\/2"}],"replies":[{"embeddable":true,"href":"https:\/\/www.cdlpv.org\/dtl\/wp-json\/wp\/v2\/comments?post=84"}],"version-history":[{"count":0,"href":"https:\/\/www.cdlpv.org\/dtl\/wp-json\/wp\/v2\/posts\/84\/revisions"}],"wp:attachment":[{"href":"https:\/\/www.cdlpv.org\/dtl\/wp-json\/wp\/v2\/media?parent=84"}],"wp:term":[{"taxonomy":"category","embeddable":true,"href":"https:\/\/www.cdlpv.org\/dtl\/wp-json\/wp\/v2\/categories?post=84"},{"taxonomy":"post_tag","embeddable":true,"href":"https:\/\/www.cdlpv.org\/dtl\/wp-json\/wp\/v2\/tags?post=84"}],"curies":[{"name":"wp","href":"https:\/\/api.w.org\/{rel}","templated":true}]}}