{"id":837,"date":"2009-02-12T14:32:11","date_gmt":"2009-02-12T13:32:11","guid":{"rendered":"http:\/\/www.cdlpv.org\/dtl\/?p=837"},"modified":"2009-02-12T14:32:11","modified_gmt":"2009-02-12T13:32:11","slug":"ii-seminari-de-la-scaterm-el-programa-terminus","status":"publish","type":"post","link":"https:\/\/www.cdlpv.org\/dtl\/2009\/02\/12\/ii-seminari-de-la-scaterm-el-programa-terminus\/","title":{"rendered":"II seminari de la Scaterm: el programa Terminus"},"content":{"rendered":"<p>Magdalena Ramon ens envia a trav\u00e9s de la llista InfoZ\u00e8fir informaci\u00f3 sobre el seminari seg\u00fcent:<\/p>\n<blockquote>\n<h2>II Seminari de la Scaterm:<\/h2>\n<h3>El programa Terminus, una eina de gesti\u00f3 terminol\u00f2gica integral<\/h3>\n<p>Terminus, una eina de gesti\u00f3 terminol\u00f2gica integral, \u00e9s un programa desenvolupat per membres de l&#8217;Institut Universitari de Ling\u00fc\u00edstica Aplicada de la Universitat Pompeu Fabra. La presentaci\u00f3 d&#8217;aquest seminari anir\u00e0 a c\u00e0rrec de M. Teresa Cabr\u00e9 i Castellv\u00ed, catedr\u00e0tica de la UPF, i d&#8217;Amor Montan\u00e9, doctoranda de l&#8217;IULA. La sessi\u00f3 tindr\u00e0 una part pr\u00e0ctica que es far\u00e0 amb ordinadors, en qu\u00e8 els assistents podran provar i treballar amb l&#8217;eina.<\/p>\n<p><strong>Data:<\/strong> 19 de febrer de 2009<br \/>\n<strong>Horari:<\/strong> de 10 a 14 hores<br \/>\n<strong>Lloc:<\/strong> Universitat Pompeu Fabra<br \/>\nCampus de la Comunicaci\u00f3<br \/>\nEdifici Tallers, aula 54.024 (entrada pel carrer de Roc Boronat)<br \/>\nVegeu-lo en el <a href=\"http:\/\/www.upf.edu\/campus\/comunicacio.html\" target=\"_blank\">pl\u00e0nol<\/a><\/p>\n<p><strong>Inscripci\u00f3:<\/strong> Envieu un correu electr\u00f2nic a l&#8217;adre\u00e7a <a href=\"mailto:scaterm@iec.cat\" target=\"_blank\">scaterm@iec.cat<\/a>. Cal que hi feu constar la informaci\u00f3 seg\u00fcent: nom i cognoms, si sou soci\/s\u00f2cia o estudiant, si pertanyeu a alguna instituci\u00f3 o empresa i un n\u00famero de tel\u00e8fon de contacte.<\/p>\n<p><strong>Preu:<\/strong><br \/>\nSocis i s\u00f2cies: gratu\u00eft (han d&#8217;estar al corrent del pagament)<br \/>\nEstudiants: 10 \u20ac (han de presentar el carnet d&#8217;estudiant)<br \/>\nPersones no s\u00f2cies ni estudiants: 20 \u20ac<br \/>\nEl pagament s&#8217;haur\u00e0 d&#8217;abonar a l&#8217;entrada del seminari<br \/>\nLes places s\u00f3n limitades<\/p>\n<p>Font: Scaterm<\/p>\n<\/blockquote>\n","protected":false},"excerpt":{"rendered":"<p>Magdalena Ramon ens envia a trav\u00e9s de la llista InfoZ\u00e8fir informaci\u00f3 sobre el seminari seg\u00fcent: II Seminari de la Scaterm: El programa Terminus, una eina de gesti\u00f3 terminol\u00f2gica integral Terminus, una eina de gesti\u00f3 terminol\u00f2gica integral, \u00e9s un programa desenvolupat per membres de l&#8217;Institut Universitari de Ling\u00fc\u00edstica Aplicada de la Universitat Pompeu Fabra. La presentaci\u00f3 [&hellip;]<\/p>\n","protected":false},"author":2,"featured_media":0,"comment_status":"open","ping_status":"open","sticky":false,"template":"","format":"standard","meta":{"footnotes":""},"categories":[2,4,10,1,15,30],"tags":[258],"class_list":["post-837","post","type-post","status-publish","format-standard","hentry","category-comunicacio","category-dret","category-formacio","category-general","category-laboral","category-terminologia","tag-jornades"],"_links":{"self":[{"href":"https:\/\/www.cdlpv.org\/dtl\/wp-json\/wp\/v2\/posts\/837","targetHints":{"allow":["GET"]}}],"collection":[{"href":"https:\/\/www.cdlpv.org\/dtl\/wp-json\/wp\/v2\/posts"}],"about":[{"href":"https:\/\/www.cdlpv.org\/dtl\/wp-json\/wp\/v2\/types\/post"}],"author":[{"embeddable":true,"href":"https:\/\/www.cdlpv.org\/dtl\/wp-json\/wp\/v2\/users\/2"}],"replies":[{"embeddable":true,"href":"https:\/\/www.cdlpv.org\/dtl\/wp-json\/wp\/v2\/comments?post=837"}],"version-history":[{"count":0,"href":"https:\/\/www.cdlpv.org\/dtl\/wp-json\/wp\/v2\/posts\/837\/revisions"}],"wp:attachment":[{"href":"https:\/\/www.cdlpv.org\/dtl\/wp-json\/wp\/v2\/media?parent=837"}],"wp:term":[{"taxonomy":"category","embeddable":true,"href":"https:\/\/www.cdlpv.org\/dtl\/wp-json\/wp\/v2\/categories?post=837"},{"taxonomy":"post_tag","embeddable":true,"href":"https:\/\/www.cdlpv.org\/dtl\/wp-json\/wp\/v2\/tags?post=837"}],"curies":[{"name":"wp","href":"https:\/\/api.w.org\/{rel}","templated":true}]}}