{"id":835,"date":"2009-02-12T14:23:40","date_gmt":"2009-02-12T13:23:40","guid":{"rendered":"http:\/\/www.cdlpv.org\/dtl\/?p=835"},"modified":"2009-02-12T14:23:40","modified_gmt":"2009-02-12T13:23:40","slug":"jornada-de-la-societat-catalana-de-sociolinguistica","status":"publish","type":"post","link":"https:\/\/www.cdlpv.org\/dtl\/2009\/02\/12\/jornada-de-la-societat-catalana-de-sociolinguistica\/","title":{"rendered":"Jornada de la Societat Catalana de Socioling\u00fc\u00edstica"},"content":{"rendered":"<p>Ferran Isabel ens informa a trav\u00e9s de la llista InfoZ\u00e8fir sobre la jornada seg\u00fcent:<\/p>\n<blockquote>\n<h2>Jornada cient\u00edfica de la Societat Catalana de Socioling\u00fc\u00edstica a Castell\u00f3 de la Plana<\/h2>\n<p>La Societat Catalana de Socioling\u00fc\u00edstica es presentar\u00e0 a Castell\u00f3 de la Plana amb una Jornada cient\u00edfica. L\u2019acte tindr\u00e0 lloc el dissabte 21 de Febrer, de 9:00 a 14:00 h a la llotja del C\u00e0nem de Castell\u00f3 de la Plana.<\/p>\n<p><strong>9:00-9:15<\/strong> Presentaci\u00f3 de la Jornada (Margarita Porcar, Vicent Pitarch i Joaquim Torres)<br \/>\n<strong>9:15-9:45<\/strong> Ernest Querol: \u00abDades socioling\u00fc\u00edstiques m\u00e9s recents de la Regi\u00f3 de Castell\u00f3\u00bb<br \/>\n<strong>9:45-10:30<\/strong> Albert Fab\u00e0: \u00abPol\u00edtica i demoling\u00fc\u00edstica: una comparaci\u00f3 entre territoris valencians i catalans\u00bb<br \/>\n<strong>11:00-11:30<\/strong> Enric Forner: \u00abLa transmissi\u00f3 del valenci\u00e0 a Castell\u00f3 de la Plana\u00bb<br \/>\n<strong>11:30-12:00<\/strong> Josep J. Conill: \u00abParadoxes i dilemes: el valenci\u00e0 a trav\u00e9s de l\u2019espill\u00bb<br \/>\n<strong>12:00-12:15<\/strong> Col\u00b7loqui sobre les dues intervencions precedents<br \/>\n<strong>12:15-13:45<\/strong> Taula redona sobre la situaci\u00f3 socioling\u00fc\u00edstica de Castell\u00f3 en el context dels Pa\u00efsos Catalans. Joaquim Torres (context general dels Pa\u00efsos Catalans), Miquel \u00c0ngel Pradilla (context general del Pa\u00eds Valenci\u00e0), Brauli Montoya (la transmissi\u00f3 de la llengua al Pa\u00eds Valenci\u00e0), Vicent Pitarch (paper de Castell\u00f3 en el futur del catal\u00e0)<br \/>\n<strong>13:45-14:00<\/strong> Conclusions i roda de premsa de la Jornada (Vicent Pitarch, Joaquim Torres i Miquel \u00c0ngel Pradilla)<\/p>\n<p>Font: Natxo Sorolla (Cruscat, IEC)<br \/>\nM\u00e9s informaci\u00f3 en: <a href=\"http:\/\/socs.iec.cat\/\" target=\"_blank\">http:\/\/socs.iec.cat\/<\/a>\n<\/p><\/blockquote>\n","protected":false},"excerpt":{"rendered":"<p>Ferran Isabel ens informa a trav\u00e9s de la llista InfoZ\u00e8fir sobre la jornada seg\u00fcent: Jornada cient\u00edfica de la Societat Catalana de Socioling\u00fc\u00edstica a Castell\u00f3 de la Plana La Societat Catalana de Socioling\u00fc\u00edstica es presentar\u00e0 a Castell\u00f3 de la Plana amb una Jornada cient\u00edfica. L\u2019acte tindr\u00e0 lloc el dissabte 21 de Febrer, de 9:00 a 14:00 [&hellip;]<\/p>\n","protected":false},"author":2,"featured_media":0,"comment_status":"open","ping_status":"open","sticky":false,"template":"","format":"standard","meta":{"footnotes":""},"categories":[2,10,1,22,27],"tags":[258],"class_list":["post-835","post","type-post","status-publish","format-standard","hentry","category-comunicacio","category-formacio","category-general","category-recerca","category-sociolinguistica","tag-jornades"],"_links":{"self":[{"href":"https:\/\/www.cdlpv.org\/dtl\/wp-json\/wp\/v2\/posts\/835","targetHints":{"allow":["GET"]}}],"collection":[{"href":"https:\/\/www.cdlpv.org\/dtl\/wp-json\/wp\/v2\/posts"}],"about":[{"href":"https:\/\/www.cdlpv.org\/dtl\/wp-json\/wp\/v2\/types\/post"}],"author":[{"embeddable":true,"href":"https:\/\/www.cdlpv.org\/dtl\/wp-json\/wp\/v2\/users\/2"}],"replies":[{"embeddable":true,"href":"https:\/\/www.cdlpv.org\/dtl\/wp-json\/wp\/v2\/comments?post=835"}],"version-history":[{"count":0,"href":"https:\/\/www.cdlpv.org\/dtl\/wp-json\/wp\/v2\/posts\/835\/revisions"}],"wp:attachment":[{"href":"https:\/\/www.cdlpv.org\/dtl\/wp-json\/wp\/v2\/media?parent=835"}],"wp:term":[{"taxonomy":"category","embeddable":true,"href":"https:\/\/www.cdlpv.org\/dtl\/wp-json\/wp\/v2\/categories?post=835"},{"taxonomy":"post_tag","embeddable":true,"href":"https:\/\/www.cdlpv.org\/dtl\/wp-json\/wp\/v2\/tags?post=835"}],"curies":[{"name":"wp","href":"https:\/\/api.w.org\/{rel}","templated":true}]}}