{"id":832,"date":"2009-02-12T14:15:41","date_gmt":"2009-02-12T13:15:41","guid":{"rendered":"http:\/\/www.cdlpv.org\/dtl\/?p=832"},"modified":"2009-02-12T14:15:41","modified_gmt":"2009-02-12T13:15:41","slug":"presentacio-de-la-tribu-valenciana-de-miquel-angel-pradilla","status":"publish","type":"post","link":"https:\/\/www.cdlpv.org\/dtl\/2009\/02\/12\/presentacio-de-la-tribu-valenciana-de-miquel-angel-pradilla\/","title":{"rendered":"Presentaci\u00f3 de La tribu valenciana de Miquel \u00c0ngel Pradilla"},"content":{"rendered":"<p>Xavier Rull ens informa a trav\u00e9s de la llista InfoZ\u00e8fir sobre l&#8217;acte seg\u00fcent:<\/p>\n<blockquote><p>\nLa Societat Catalana de Socioling\u00fc\u00edstica i Onada Edicions es complauen a convidar-vos a l\u2019acte de presentaci\u00f3 del llibre <em>La tribu valenciana. Reflexions sobre la desestructuraci\u00f3 de la comunitat ling\u00fc\u00edstica<\/em> de Miquel \u00c0ngel Pradilla.<\/p>\n<p><strong>Dia:<\/strong> dimarts 17 de febrer del 2009<br \/>\n<strong>Hora:<\/strong> 19.00 h<br \/>\n<strong>Lloc:<\/strong> Sala Puig i Cadafalch de l\u2019Institut d\u2019Estudis Catalans (carrer del Carme, 47, Barcelona)<\/p>\n<p>Hi intervindran:<\/p>\n<ul>\n<li>Bernat Joan, secretari de Pol\u00edtica Ling\u00fc\u00edstica de la Generalitat de Catalunya\n<li>Isidor Mar\u00ed, vicepresident de la Secci\u00f3 Filol\u00f2gica de l\u2019Institut d\u2019Estudis Catalans\n<li>Joaquim Torres, president de la SOCS\n<li>Miquel \u00c0ngel Pradilla, autor del llibre\n<\/ul>\n<\/blockquote>\n","protected":false},"excerpt":{"rendered":"<p>Xavier Rull ens informa a trav\u00e9s de la llista InfoZ\u00e8fir sobre l&#8217;acte seg\u00fcent: La Societat Catalana de Socioling\u00fc\u00edstica i Onada Edicions es complauen a convidar-vos a l\u2019acte de presentaci\u00f3 del llibre La tribu valenciana. Reflexions sobre la desestructuraci\u00f3 de la comunitat ling\u00fc\u00edstica de Miquel \u00c0ngel Pradilla. Dia: dimarts 17 de febrer del 2009 Hora: 19.00 [&hellip;]<\/p>\n","protected":false},"author":2,"featured_media":0,"comment_status":"open","ping_status":"open","sticky":false,"template":"","format":"standard","meta":{"footnotes":""},"categories":[2,1,27],"tags":[291],"class_list":["post-832","post","type-post","status-publish","format-standard","hentry","category-comunicacio","category-general","category-sociolinguistica","tag-llibres"],"_links":{"self":[{"href":"https:\/\/www.cdlpv.org\/dtl\/wp-json\/wp\/v2\/posts\/832","targetHints":{"allow":["GET"]}}],"collection":[{"href":"https:\/\/www.cdlpv.org\/dtl\/wp-json\/wp\/v2\/posts"}],"about":[{"href":"https:\/\/www.cdlpv.org\/dtl\/wp-json\/wp\/v2\/types\/post"}],"author":[{"embeddable":true,"href":"https:\/\/www.cdlpv.org\/dtl\/wp-json\/wp\/v2\/users\/2"}],"replies":[{"embeddable":true,"href":"https:\/\/www.cdlpv.org\/dtl\/wp-json\/wp\/v2\/comments?post=832"}],"version-history":[{"count":0,"href":"https:\/\/www.cdlpv.org\/dtl\/wp-json\/wp\/v2\/posts\/832\/revisions"}],"wp:attachment":[{"href":"https:\/\/www.cdlpv.org\/dtl\/wp-json\/wp\/v2\/media?parent=832"}],"wp:term":[{"taxonomy":"category","embeddable":true,"href":"https:\/\/www.cdlpv.org\/dtl\/wp-json\/wp\/v2\/categories?post=832"},{"taxonomy":"post_tag","embeddable":true,"href":"https:\/\/www.cdlpv.org\/dtl\/wp-json\/wp\/v2\/tags?post=832"}],"curies":[{"name":"wp","href":"https:\/\/api.w.org\/{rel}","templated":true}]}}